{"id":959,"date":"2024-10-09T22:08:21","date_gmt":"2024-10-10T02:08:21","guid":{"rendered":"https:\/\/www.greenparty.ca\/article\/un-an-plus-tard-un-nouvel-appel-a-la-paix-a-la-justice-et-a-la-responsabilite\/"},"modified":"2025-02-18T01:27:29","modified_gmt":"2025-02-18T06:27:29","slug":"un-an-plus-tard-un-nouvel-appel-a-la-paix-a-la-justice-et-a-la-responsabilite","status":"publish","type":"article","link":"https:\/\/www.greenparty.ca\/fr\/nouvelles\/un-an-plus-tard-un-nouvel-appel-a-la-paix-a-la-justice-et-a-la-responsabilite","title":{"rendered":"Un an plus tard : un nouvel appel \u00e0 la paix, \u00e0 la justice et \u00e0 la responsabilit\u00e9"},"content":{"rendered":"<p>Cette semaine marque le premier anniversaire de l&rsquo;attaque isra\u00e9lienne contre Gaza en r\u00e9ponse aux attaques du 7 octobre contre des civils isra\u00e9liens. Nous condamnons sans \u00e9quivoque tous les actes de violence contre les civils, y compris les attaques du Hamas et les bombardements du Hezbollah contre Isra\u00ebl.<\/p><p>Un an plus tard, il est cependant clair que la violence a d\u00e9pass\u00e9 la l\u00e9gitime d\u00e9fense et s&rsquo;est transform\u00e9e en une attaque ill\u00e9gale contre des Palestiniens innocents et en une catastrophe humanitaire. Plus d&rsquo;une centaine d&rsquo;otages isra\u00e9liens et pr\u00e8s de 10 000 d\u00e9tenus palestiniens sont toujours en captivit\u00e9. La violence s&rsquo;est maintenant propag\u00e9e \u00e0 l&rsquo;ext\u00e9rieur de Gaza, avec des frappes de repr\u00e9sailles touchant des civils au Liban.<\/p><p>Alors que nous soulignons ce sombre anniversaire, le Parti vert du Canada pleure toutes les vies innocentes perdues dans le conflit.<\/p><p>Depuis le d\u00e9part, nous avons appel\u00e9 \u00e0 un cessez-le-feu imm\u00e9diat et \u00e0 une d\u00e9sescalade de la violence. Le Canada doit se joindre \u00e0 ses alli\u00e9s pour reconna\u00eetre la Palestine comme un \u00c9tat et soutenir les efforts visant \u00e0 tenir toutes les parties responsables des violations du droit international. En m\u00eame temps, l&rsquo;acc\u00e8s humanitaire \u00e0 Gaza doit \u00eatre assur\u00e9 pour acheminer l&rsquo;aide \u00e0 ceux qui en ont besoin. Le respect du droit international et l&rsquo;acheminement de l&rsquo;aide sont essentiels pour mettre fin \u00e0 cette crise.<\/p><p>R\u00e9cemment, quand Isra\u00ebl a commenc\u00e9 \u00e0 bombarder le Liban, notre chef Elizabeth May a fait une d\u00e9claration puissante \u00e0 la Chambre des communes (<a href=\"https:\/\/www.youtube.com\/watch?v=6X0EYGYHMd0\">\u00e0 visionner ici<\/a>) : &laquo; Nous savons qui est l&rsquo;ennemi de la paix. Malheureusement, il a un nom. Il s&rsquo;agit du Premier ministre Benjamin Netanyahu. Il a fait passer son ego personnel et sa carri\u00e8re politique avant le sauvetage des otages isra\u00e9liens, et il semble ne se soucier aucunement des civils innocents. &raquo;<\/p><p>Les extr\u00e9mistes des deux camps de ce conflit aspirent au m\u00eame objectif : une guerre sans fin. Nous condamnons tous ceux qui pr\u00f4nent la haine et la violence, y compris les extr\u00e9mistes du cabinet de Netanyahu, le Hamas, le Hezbollah et l&rsquo;Iran. Nous pensons qu&rsquo;une paix durable ne peut \u00eatre obtenue que par la reconnaissance des droits de l&rsquo;homme et un engagement en faveur d&rsquo;une r\u00e9solution non violente du conflit. Sans cela, la destruction continuera et la violence ne m\u00e8nera qu&rsquo;\u00e0 davantage de violence.<\/p><p>Tous les Palestiniens et les Isra\u00e9liens, et en particulier les enfants des deux nations, ont droit \u00e0 la s\u00e9curit\u00e9. L&rsquo;occupation isra\u00e9lienne prolong\u00e9e de la Palestine &ndash; la plus longue du monde moderne &ndash; doit cesser compl\u00e8tement et imm\u00e9diatement, et l&rsquo;autod\u00e9termination palestinienne doit \u00eatre r\u00e9alis\u00e9e. C&rsquo;est pourquoi les d\u00e9put\u00e9s verts Elizabeth May et Mike Morrice continuent de militer au Parlement, r\u00e9clamant un cessez-le-feu, le retour de tous les otages et le respect du droit international et des r\u00e9solutions de l&rsquo;ONU. Nous faisons pression sans rel\u00e2che pour que le Canada prenne position afin que les Isra\u00e9liens et les Palestiniens puissent vivre en paix.<\/p>","protected":false},"excerpt":{"rendered":"<p>Cette semaine marque le premier anniversaire de l&rsquo;attaque isra\u00e9lienne contre Gaza en r\u00e9ponse aux attaques du 7 octobre contre des civils isra\u00e9liens. Nous condamnons sans \u00e9quivoque tous les actes de [&hellip;]<\/p>\n","protected":false},"featured_media":0,"template":"","meta":{"_acf_changed":false,"inline_featured_image":false,"site-sidebar-layout":"default","site-content-layout":"","ast-site-content-layout":"default","site-content-style":"default","site-sidebar-style":"default","ast-global-header-display":"","ast-banner-title-visibility":"","ast-main-header-display":"","ast-hfb-above-header-display":"","ast-hfb-below-header-display":"","ast-hfb-mobile-header-display":"","site-post-title":"","ast-breadcrumbs-content":"","ast-featured-img":"","footer-sml-layout":"","ast-disable-related-posts":"","theme-transparent-header-meta":"","adv-header-id-meta":"","stick-header-meta":"","header-above-stick-meta":"","header-main-stick-meta":"","header-below-stick-meta":"","astra-migrate-meta-layouts":"default","ast-page-background-enabled":"default","ast-page-background-meta":{"desktop":{"background-color":"var(--ast-global-color-5)","background-image":"","background-repeat":"repeat","background-position":"center center","background-size":"auto","background-attachment":"scroll","background-type":"","background-media":"","overlay-type":"","overlay-color":"","overlay-opacity":"","overlay-gradient":""},"tablet":{"background-color":"","background-image":"","background-repeat":"repeat","background-position":"center center","background-size":"auto","background-attachment":"scroll","background-type":"","background-media":"","overlay-type":"","overlay-color":"","overlay-opacity":"","overlay-gradient":""},"mobile":{"background-color":"","background-image":"","background-repeat":"repeat","background-position":"center center","background-size":"auto","background-attachment":"scroll","background-type":"","background-media":"","overlay-type":"","overlay-color":"","overlay-opacity":"","overlay-gradient":""}},"ast-content-background-meta":{"desktop":{"background-color":"var(--ast-global-color-4)","background-image":"","background-repeat":"repeat","background-position":"center center","background-size":"auto","background-attachment":"scroll","background-type":"","background-media":"","overlay-type":"","overlay-color":"","overlay-opacity":"","overlay-gradient":""},"tablet":{"background-color":"var(--ast-global-color-4)","background-image":"","background-repeat":"repeat","background-position":"center center","background-size":"auto","background-attachment":"scroll","background-type":"","background-media":"","overlay-type":"","overlay-color":"","overlay-opacity":"","overlay-gradient":""},"mobile":{"background-color":"var(--ast-global-color-4)","background-image":"","background-repeat":"repeat","background-position":"center center","background-size":"auto","background-attachment":"scroll","background-type":"","background-media":"","overlay-type":"","overlay-color":"","overlay-opacity":"","overlay-gradient":""}},"_price":"","_stock":"","_tribe_ticket_header":"","_tribe_default_ticket_provider":"","_tribe_ticket_capacity":"0","_ticket_start_date":"","_ticket_end_date":"","_tribe_ticket_show_description":"","_tribe_ticket_show_not_going":false,"_tribe_ticket_use_global_stock":"","_tribe_ticket_global_stock_level":"","_global_stock_mode":"","_global_stock_cap":"","_tribe_rsvp_for_event":"","_tribe_ticket_going_count":"","_tribe_ticket_not_going_count":"","_tribe_tickets_list":"[]","_tribe_ticket_has_attendee_info_fields":false},"location":[33],"section":[],"class_list":["post-959","article","type-article","status-publish","hentry","location-ottawa"],"acf":[],"_links":{"self":[{"href":"https:\/\/www.greenparty.ca\/fr\/wp-json\/wp\/v2\/article\/959","targetHints":{"allow":["GET"]}}],"collection":[{"href":"https:\/\/www.greenparty.ca\/fr\/wp-json\/wp\/v2\/article"}],"about":[{"href":"https:\/\/www.greenparty.ca\/fr\/wp-json\/wp\/v2\/types\/article"}],"wp:attachment":[{"href":"https:\/\/www.greenparty.ca\/fr\/wp-json\/wp\/v2\/media?parent=959"}],"wp:term":[{"taxonomy":"location","embeddable":true,"href":"https:\/\/www.greenparty.ca\/fr\/wp-json\/wp\/v2\/location?post=959"},{"taxonomy":"section","embeddable":true,"href":"https:\/\/www.greenparty.ca\/fr\/wp-json\/wp\/v2\/section?post=959"}],"curies":[{"name":"wp","href":"https:\/\/api.w.org\/{rel}","templated":true}]}}