{"id":937,"date":"2024-08-28T18:40:53","date_gmt":"2024-08-28T22:40:53","guid":{"rendered":"https:\/\/www.greenparty.ca\/article\/le-parti-vert-du-canada-soppose-a-lextradition-du-dr-hassan-diab\/"},"modified":"2025-02-18T01:27:28","modified_gmt":"2025-02-18T06:27:28","slug":"le-parti-vert-du-canada-soppose-a-lextradition-du-dr-hassan-diab","status":"publish","type":"article","link":"https:\/\/www.greenparty.ca\/fr\/nouvelles\/le-parti-vert-du-canada-soppose-a-lextradition-du-dr-hassan-diab","title":{"rendered":"Le Parti vert du Canada s&rsquo;oppose \u00e0 l&rsquo;extradition du Dr Hassan Diab"},"content":{"rendered":"<p>OTTAWA &#8211;&nbsp;Le Parti vert du Canada exprime sa profonde d\u00e9ception face \u00e0 la r\u00e9ponse du gouvernement du Canada \u00e0 la p\u00e9tition e-4901, qui cherche \u00e0 rem\u00e9dier aux injustices auxquelles sont confront\u00e9s le Dr Hassan Diab et sa famille. La d\u00e9claration du gouvernement, qui se contente de r\u00e9it\u00e9rer la confidentialit\u00e9 des demandes d&#39;extradition, n&#39;apporte pas la r\u00e9ponse&nbsp; claire que la population canadienne m\u00e9rite.<\/p><p>Le Dr Diab, aujourd&#39;hui \u00e2g\u00e9 de 70 ans, a \u00e9t\u00e9 injustement extrad\u00e9 vers la France le 14 novembre 2014 dans le cadre d&#39;une affaire d\u00e9crite par le juge d&#39;extradition Maranger comme &laquo; faible &raquo;, &laquo;&nbsp;les perspectives de condamnation dans le cadre d&#39;un proc\u00e8s \u00e9quitable semblent improbables&nbsp;&raquo;. Le Dr Diab a pass\u00e9 plus de trois ans dans une prison parisienne, la plupart du temps en isolement, sans jamais \u00eatre formellement inculp\u00e9 ou jug\u00e9. Deux juges d&#39;instruction antiterroristes de haut rang ont conclu en janvier 2018 qu&#39;il n&#39;y avait pas de preuves justifiant un proc\u00e8s, ce qui a conduit \u00e0 la lib\u00e9ration du Dr Diab et \u00e0 son retour au Canada.<\/p><p>Cependant, dans le contexte d&#39;une grave erreur judiciaire, un appel fran\u00e7ais a conduit \u00e0 un proc\u00e8s sommaire en avril 2023, au cours duquel le Dr Diab a \u00e9t\u00e9 reconnu coupable par contumace et condamn\u00e9 \u00e0 la prison \u00e0 vie sur la base de ou\u00ef-dire et de renseignements secrets et anonymes. Le tribunal n&#39;a pas tenu compte d&#39;alibis solides et d&#39;autres preuves disculpatoires.<\/p><p>Le premier ministre Justin Trudeau a d\u00e9clar\u00e9 en juin 2018 que &laquo; ce qui est arriv\u00e9 \u00e0 Hassan Diab n&#39;aurait jamais d\u00fb se produire &raquo; et a assur\u00e9 qu&#39;une telle \u00e9preuve ne devrait plus jamais se reproduire. Le Parti vert du Canada demande au gouvernement du Canada de respecter cet engagement et de d\u00e9clarer officiellement que le Canada n&#39;acceptera ni ne consentira \u00e0 aucune deuxi\u00e8me demande d&#39;extradition du Dr Hassan Diab.<\/p><p>&laquo; Le Dr Diab a v\u00e9cu dans un \u00e9tat perp\u00e9tuel d&#39;incertitude, un vide qui a eu de graves cons\u00e9quences pour lui et ses proches &raquo;, a d\u00e9clar\u00e9 la chef Elizabeth May. &laquo; La r\u00e9ponse du gouvernement ne fait rien pour y rem\u00e9dier et n&#39;offre aucune garantie que le Dr Diab sera prot\u00e9g\u00e9 contre d&#39;autres actions injustes. &raquo;<\/p><p>Le Parti vert demande au gouvernement du Canada d&#39;adopter une approche plus substantielle et plus compatissante &#8211; une approche qui cherche activement \u00e0 mettre fin \u00e0 cet \u00e9tat d&#39;incertitude. Le Dr Diab et sa famille m\u00e9ritent de vivre sans la crainte constante d&#39;une nouvelle extradition injustifi\u00e9e. Il incombe au gouvernement de veiller \u00e0 ce que leurs droits et libert\u00e9s soient pleinement respect\u00e9s.<\/p><p>Le cas du Dr. Hassan Diab constitue un rappel n\u00e9cessaire de l&#39;importance cruciale de la protection des droits et des libert\u00e9s des Canadiennes et des Canadiens. Le Parti vert du Canada s&#39;oppose fermement \u00e0 toute nouvelle tentative d&#39;extradition du Dr. Diab et exhorte le gouvernement du Canada \u00e0 prendre une position concr\u00e8te contre cette injustice.<\/p><p>Nous exhortons le gouvernement \u00e0 prendre des mesures significatives pour prot\u00e9ger le Dr Diab et pour apporter une solution claire et juste \u00e0 cette affaire.<\/p><p><strong>#####<\/strong><\/p><p><strong>Pour plus d&#39;informations ou pour organiser une entrevue :&nbsp;<\/strong><\/p><p><strong>Fabrice Lachance Nov\u00e9<\/strong><\/p><p><strong>Attach\u00e9 de presse<\/strong><\/p><p><strong>514-463-0021<\/strong><\/p><p><strong>media@partivert.ca<\/strong><\/p>","protected":false},"excerpt":{"rendered":"<p>OTTAWA &#8211;&nbsp;Le Parti vert du Canada exprime sa profonde d\u00e9ception face \u00e0 la r\u00e9ponse du gouvernement du Canada \u00e0 la p\u00e9tition e-4901, qui cherche \u00e0 rem\u00e9dier aux injustices auxquelles sont [&hellip;]<\/p>\n","protected":false},"featured_media":0,"template":"","meta":{"_acf_changed":false,"inline_featured_image":false,"site-sidebar-layout":"default","site-content-layout":"","ast-site-content-layout":"default","site-content-style":"default","site-sidebar-style":"default","ast-global-header-display":"","ast-banner-title-visibility":"","ast-main-header-display":"","ast-hfb-above-header-display":"","ast-hfb-below-header-display":"","ast-hfb-mobile-header-display":"","site-post-title":"","ast-breadcrumbs-content":"","ast-featured-img":"","footer-sml-layout":"","ast-disable-related-posts":"","theme-transparent-header-meta":"","adv-header-id-meta":"","stick-header-meta":"","header-above-stick-meta":"","header-main-stick-meta":"","header-below-stick-meta":"","astra-migrate-meta-layouts":"default","ast-page-background-enabled":"default","ast-page-background-meta":{"desktop":{"background-color":"var(--ast-global-color-5)","background-image":"","background-repeat":"repeat","background-position":"center center","background-size":"auto","background-attachment":"scroll","background-type":"","background-media":"","overlay-type":"","overlay-color":"","overlay-opacity":"","overlay-gradient":""},"tablet":{"background-color":"","background-image":"","background-repeat":"repeat","background-position":"center center","background-size":"auto","background-attachment":"scroll","background-type":"","background-media":"","overlay-type":"","overlay-color":"","overlay-opacity":"","overlay-gradient":""},"mobile":{"background-color":"","background-image":"","background-repeat":"repeat","background-position":"center center","background-size":"auto","background-attachment":"scroll","background-type":"","background-media":"","overlay-type":"","overlay-color":"","overlay-opacity":"","overlay-gradient":""}},"ast-content-background-meta":{"desktop":{"background-color":"var(--ast-global-color-4)","background-image":"","background-repeat":"repeat","background-position":"center center","background-size":"auto","background-attachment":"scroll","background-type":"","background-media":"","overlay-type":"","overlay-color":"","overlay-opacity":"","overlay-gradient":""},"tablet":{"background-color":"var(--ast-global-color-4)","background-image":"","background-repeat":"repeat","background-position":"center center","background-size":"auto","background-attachment":"scroll","background-type":"","background-media":"","overlay-type":"","overlay-color":"","overlay-opacity":"","overlay-gradient":""},"mobile":{"background-color":"var(--ast-global-color-4)","background-image":"","background-repeat":"repeat","background-position":"center center","background-size":"auto","background-attachment":"scroll","background-type":"","background-media":"","overlay-type":"","overlay-color":"","overlay-opacity":"","overlay-gradient":""}},"_price":"","_stock":"","_tribe_ticket_header":"","_tribe_default_ticket_provider":"","_tribe_ticket_capacity":"0","_ticket_start_date":"","_ticket_end_date":"","_tribe_ticket_show_description":"","_tribe_ticket_show_not_going":false,"_tribe_ticket_use_global_stock":"","_tribe_ticket_global_stock_level":"","_global_stock_mode":"","_global_stock_cap":"","_tribe_rsvp_for_event":"","_tribe_ticket_going_count":"","_tribe_ticket_not_going_count":"","_tribe_tickets_list":"[]","_tribe_ticket_has_attendee_info_fields":false},"location":[33],"section":[],"class_list":["post-937","article","type-article","status-publish","hentry","location-ottawa"],"acf":[],"_links":{"self":[{"href":"https:\/\/www.greenparty.ca\/fr\/wp-json\/wp\/v2\/article\/937","targetHints":{"allow":["GET"]}}],"collection":[{"href":"https:\/\/www.greenparty.ca\/fr\/wp-json\/wp\/v2\/article"}],"about":[{"href":"https:\/\/www.greenparty.ca\/fr\/wp-json\/wp\/v2\/types\/article"}],"wp:attachment":[{"href":"https:\/\/www.greenparty.ca\/fr\/wp-json\/wp\/v2\/media?parent=937"}],"wp:term":[{"taxonomy":"location","embeddable":true,"href":"https:\/\/www.greenparty.ca\/fr\/wp-json\/wp\/v2\/location?post=937"},{"taxonomy":"section","embeddable":true,"href":"https:\/\/www.greenparty.ca\/fr\/wp-json\/wp\/v2\/section?post=937"}],"curies":[{"name":"wp","href":"https:\/\/api.w.org\/{rel}","templated":true}]}}