{"id":915,"date":"2024-07-02T20:55:51","date_gmt":"2024-07-03T00:55:51","guid":{"rendered":"https:\/\/www.greenparty.ca\/article\/nic-geddert-to-run-in-elmwood-transcona-2\/"},"modified":"2025-02-18T01:27:25","modified_gmt":"2025-02-18T06:27:25","slug":"nic-geddert-to-run-in-elmwood-transcona-2","status":"publish","type":"article","link":"https:\/\/www.greenparty.ca\/fr\/nouvelles\/nic-geddert-to-run-in-elmwood-transcona-2","title":{"rendered":"Nic Geddert to Run in Elmwood-Transcona"},"content":{"rendered":"<p><img decoding=\"async\" alt=\"\" class=\"image-quarter_width_columnized img-responsive\" src=\"\/\/cdn.greenparty.ca\/sites\/default\/files\/styles\/quarter_width_columnized\/public\/images\/embed\/nic-geddert-announcement-2024.jpg?itok=knzPVLb2\" \/> WINNIPEG &#8211;&nbsp;Nic Geddert a remport\u00e9 la course \u00e0 l&#39;investiture et sera le prochain candidat du Parti vert du Canada dans Elmwood-Transcona.<\/p><p>Nic est un d\u00e9fenseur d\u00e9vou\u00e9 de sa communaut\u00e9 qui a \u00e0 c\u0153ur d&#39;exercer un impact positif. Il a particip\u00e9 activement \u00e0 divers conseils d&#39;administration et comit\u00e9s, notamment l&#39;Association du quartier Spence, le Centre de ressources Community Roots, Habitat pour l&#39;humanit\u00e9, 1JustCity, Syn-o-nym et Storefront MB. Nic se concentre sur la cr\u00e9ation d&#39;espaces de jeu et de rencontre, sur l&#39;avancement des programmes pour les jeunes et sur la coordination des efforts de d\u00e9fense des int\u00e9r\u00eats.<\/p><p>Au sein du PVC, Nic a repr\u00e9sent\u00e9 le Parti dans des campagnes et a jou\u00e9 un r\u00f4le important dans les initiatives du Parti. Nic a dirig\u00e9 la mise en place de comit\u00e9s de TI et de r\u00e9solution des conflits et a particip\u00e9 \u00e0 des consultations avec les Autochtones. Soutenir les initiatives en faveur de la jeunesse et offrir des possibilit\u00e9s d&#39;\u00e9ducation sont des priorit\u00e9s absolues pour lui.<\/p><p>Nic reconna\u00eet les d\u00e9fis politiques qui existent et aspire \u00e0 fa\u00e7onner le r\u00e9cit par des changements significatifs. Il met l&#39;accent sur la force des communaut\u00e9s lorsque les gouvernements ne sont pas \u00e0 la hauteur et soutient les plans du Parti vert pour aborder les questions soci\u00e9tales. Il est impatient d&#39;entrer en contact avec la population de Elmwood-Transcona et d&#39;autres personnes partageant les m\u00eames id\u00e9es au sein du Parti vert afin d&#39;amplifier les voix de ceux qui r\u00e9solvent les probl\u00e8mes et de travailler \u00e0 des solutions pratiques.<\/p><p>Avec un appel retentissant \u00e0 l&#39;action, Nic est d\u00e9termin\u00e9 \u00e0 faire la diff\u00e9rence et \u00e0 cr\u00e9er un meilleur avenir pour sa communaut\u00e9.<\/p><p>&laquo; Je suis tr\u00e8s heureuse que Nic Geddert ait d\u00e9cid\u00e9 de porter la banni\u00e8re des Verts lors de la prochaine \u00e9lection partielle dans Elmwood-Transcona &raquo;, a d\u00e9clar\u00e9 la chef du PVC Elizabeth May.&nbsp; &laquo;&nbsp;Je connais et respecte Nic et j&#39;ai confiance en lui. S&#39;il est \u00e9lu, la population d&rsquo;Elmwood-Transcona auront un champion pour parler en leur nom ! &raquo;&nbsp;<\/p><p>&laquo; Je suis ravi d&#39;appuyer Nic Geddert dans l&#39;\u00e9lection partielle d&#39;Elmwood-Transcona. Le d\u00e9vouement in\u00e9branlable de Nic \u00e0 l&#39;\u00e9gard de la durabilit\u00e9, de la communaut\u00e9 et de la justice sociale s&#39;aligne parfaitement sur les valeurs fondamentales du Parti vert &raquo; , a d\u00e9clar\u00e9 Jonathan Pedneault, chef adjoint du Parti vert du Canada. &laquo; Sa vision d&#39;un avenir plus vert et plus juste est exactement ce dont nous avons besoin au Parlement. Unissons-nous pour faire en sorte qu&#39;Elmwood-Transcona ait une voix forte, fond\u00e9e sur des principes, qui pr\u00f4ne un changement r\u00e9el. &raquo;<\/p><p><strong>#####<\/strong><\/p><p><strong>Pour plus d&#39;informations ou pour organiser une entrevue :&nbsp;<\/strong><\/p><p><strong>Fabrice Lachance Nov\u00e9<\/strong><\/p><p><strong>Attach\u00e9 de presse<\/strong><\/p><p><strong>514-463-0021<\/strong><\/p><p><strong>media@partivert.ca<\/strong><\/p>","protected":false},"excerpt":{"rendered":"<p>WINNIPEG &#8211;&nbsp;Nic Geddert a remport\u00e9 la course \u00e0 l&#39;investiture et sera le prochain candidat du Parti vert du Canada dans Elmwood-Transcona. Nic est un d\u00e9fenseur d\u00e9vou\u00e9 de sa communaut\u00e9 qui [&hellip;]<\/p>\n","protected":false},"featured_media":0,"template":"","meta":{"_acf_changed":false,"inline_featured_image":false,"site-sidebar-layout":"default","site-content-layout":"","ast-site-content-layout":"default","site-content-style":"default","site-sidebar-style":"default","ast-global-header-display":"","ast-banner-title-visibility":"","ast-main-header-display":"","ast-hfb-above-header-display":"","ast-hfb-below-header-display":"","ast-hfb-mobile-header-display":"","site-post-title":"","ast-breadcrumbs-content":"","ast-featured-img":"","footer-sml-layout":"","ast-disable-related-posts":"","theme-transparent-header-meta":"","adv-header-id-meta":"","stick-header-meta":"","header-above-stick-meta":"","header-main-stick-meta":"","header-below-stick-meta":"","astra-migrate-meta-layouts":"default","ast-page-background-enabled":"default","ast-page-background-meta":{"desktop":{"background-color":"var(--ast-global-color-5)","background-image":"","background-repeat":"repeat","background-position":"center center","background-size":"auto","background-attachment":"scroll","background-type":"","background-media":"","overlay-type":"","overlay-color":"","overlay-opacity":"","overlay-gradient":""},"tablet":{"background-color":"","background-image":"","background-repeat":"repeat","background-position":"center center","background-size":"auto","background-attachment":"scroll","background-type":"","background-media":"","overlay-type":"","overlay-color":"","overlay-opacity":"","overlay-gradient":""},"mobile":{"background-color":"","background-image":"","background-repeat":"repeat","background-position":"center center","background-size":"auto","background-attachment":"scroll","background-type":"","background-media":"","overlay-type":"","overlay-color":"","overlay-opacity":"","overlay-gradient":""}},"ast-content-background-meta":{"desktop":{"background-color":"var(--ast-global-color-4)","background-image":"","background-repeat":"repeat","background-position":"center center","background-size":"auto","background-attachment":"scroll","background-type":"","background-media":"","overlay-type":"","overlay-color":"","overlay-opacity":"","overlay-gradient":""},"tablet":{"background-color":"var(--ast-global-color-4)","background-image":"","background-repeat":"repeat","background-position":"center center","background-size":"auto","background-attachment":"scroll","background-type":"","background-media":"","overlay-type":"","overlay-color":"","overlay-opacity":"","overlay-gradient":""},"mobile":{"background-color":"var(--ast-global-color-4)","background-image":"","background-repeat":"repeat","background-position":"center center","background-size":"auto","background-attachment":"scroll","background-type":"","background-media":"","overlay-type":"","overlay-color":"","overlay-opacity":"","overlay-gradient":""}},"_price":"","_stock":"","_tribe_ticket_header":"","_tribe_default_ticket_provider":"","_tribe_ticket_capacity":"0","_ticket_start_date":"","_ticket_end_date":"","_tribe_ticket_show_description":"","_tribe_ticket_show_not_going":false,"_tribe_ticket_use_global_stock":"","_tribe_ticket_global_stock_level":"","_global_stock_mode":"","_global_stock_cap":"","_tribe_rsvp_for_event":"","_tribe_ticket_going_count":"","_tribe_ticket_not_going_count":"","_tribe_tickets_list":"[]","_tribe_ticket_has_attendee_info_fields":false},"location":[33],"section":[],"class_list":["post-915","article","type-article","status-publish","hentry","location-ottawa"],"acf":[],"_links":{"self":[{"href":"https:\/\/www.greenparty.ca\/fr\/wp-json\/wp\/v2\/article\/915","targetHints":{"allow":["GET"]}}],"collection":[{"href":"https:\/\/www.greenparty.ca\/fr\/wp-json\/wp\/v2\/article"}],"about":[{"href":"https:\/\/www.greenparty.ca\/fr\/wp-json\/wp\/v2\/types\/article"}],"wp:attachment":[{"href":"https:\/\/www.greenparty.ca\/fr\/wp-json\/wp\/v2\/media?parent=915"}],"wp:term":[{"taxonomy":"location","embeddable":true,"href":"https:\/\/www.greenparty.ca\/fr\/wp-json\/wp\/v2\/location?post=915"},{"taxonomy":"section","embeddable":true,"href":"https:\/\/www.greenparty.ca\/fr\/wp-json\/wp\/v2\/section?post=915"}],"curies":[{"name":"wp","href":"https:\/\/api.w.org\/{rel}","templated":true}]}}