{"id":909,"date":"2024-06-13T21:16:15","date_gmt":"2024-06-14T01:16:15","guid":{"rendered":"https:\/\/www.greenparty.ca\/article\/le-parti-vert-celebre-ladoption-du-projet-de-loi-c-226-une-victoire-historique-pour-la-justice-environnementale\/"},"modified":"2025-02-18T01:27:25","modified_gmt":"2025-02-18T06:27:25","slug":"le-parti-vert-celebre-ladoption-du-projet-de-loi-c-226-une-victoire-historique-pour-la-justice-environnementale","status":"publish","type":"article","link":"https:\/\/www.greenparty.ca\/fr\/nouvelles\/le-parti-vert-celebre-ladoption-du-projet-de-loi-c-226-une-victoire-historique-pour-la-justice-environnementale","title":{"rendered":"Le Parti vert c\u00e9l\u00e8bre l&rsquo;adoption du projet de loi C-226 : Une victoire historique pour la justice environnementale"},"content":{"rendered":"<p>OTTAWA &#8211; Le Parti vert du Canada est ravi d&#39;annoncer une \u00e9tape importante dans la lutte pour la justice environnementale avec l&#39;adoption du projet de loi C-226, la Loi sur la strat\u00e9gie nationale concernant le racisme environnemental et la justice environnementale. Ce projet de loi novateur, un projet de loi d&#39;initiative parlementaire de la d\u00e9put\u00e9e et chef du Parti vert Elizabeth May, a franchi avec succ\u00e8s toutes les \u00e9tapes \u00e0 la Chambre des communes et a maintenant franchi toutes les \u00e9tapes au S\u00e9nat. Elle aura bient\u00f4t force de loi lorsque l&#39;\u00e9tape proc\u00e9durale de la sanction royale aura \u00e9t\u00e9 franchie.<\/p><p>Cette nouvelle loi a re\u00e7u le soutien des membres des communaut\u00e9s de base qui travaillent dur, de Pictou Landing et Shelburne (Nouvelle-\u00c9cosse) \u00e0 Kanesatake (Qu\u00e9bec), en passant par Grassy Narrows (Ontario) et la Premi\u00e8re nation Aamjiwnaang. Les groupes de d\u00e9fense de l&#39;environnement ont fait campagne d&#39;un oc\u00e9an \u00e0 l&#39;autre. L&#39;adoption du projet de loi est le fruit du travail de tous les partis, du premier parrain, l&#39;ancienne d\u00e9put\u00e9e lib\u00e9rale Lenore Zann, au ministre de l&#39;environnement Steven Guilbeault, en passant par la porte-parole du NPD, Laurel Collins. Le Parti vert du Canada exprime sa profonde gratitude au Dr Ingrid Waldron, championne de cette question et qui a jou\u00e9 un r\u00f4le cl\u00e9 dans l&#39;adoption du projet de loi. La marraine du projet de loi au S\u00e9nat, l&#39;extraordinaire s\u00e9natrice autochtone du Manitoba Mary Jane McCallum, a fait des miracles en mati\u00e8re de proc\u00e9dure. Nous exprimons notre profonde gratitude \u00e0 tous les d\u00e9fenseurs, dirigeants communautaires et l\u00e9gislateurs qui ont travaill\u00e9 sans rel\u00e2che pour mettre en avant cette question importante.&nbsp;<\/p><p>Le projet de loi C-226 pr\u00e9voit l&#39;\u00e9laboration d&#39;une strat\u00e9gie nationale visant \u00e0 lutter contre le racisme environnemental et \u00e0 en att\u00e9nuer les effets. Il s&#39;agit d&#39;une \u00e9tape essentielle pour garantir que l&rsquo;ensemble de la population canadienne, en particulier les communaut\u00e9s marginalis\u00e9es et autochtones, soit prot\u00e9g\u00e9 contre les risques environnementaux disproportionn\u00e9s. La loi exige que le ministre de l&#39;Environnement collabore avec diverses parties prenantes pour cr\u00e9er et mettre en \u0153uvre cette strat\u00e9gie, en mettant l&#39;accent sur une consultation et une coop\u00e9ration significatives avec les communaut\u00e9s concern\u00e9es.<\/p><p>&laquo; Aujourd&#39;hui marque une victoire historique dans notre cheminement vers la justice environnementale &raquo;, a d\u00e9clar\u00e9 la chef Elizabeth May. &laquo; L&#39;adoption du projet de loi C-226 repr\u00e9sente un engagement \u00e0 s&#39;attaquer au probl\u00e8me de longue date et profond\u00e9ment enracin\u00e9 du racisme environnemental au Canada. Ce projet de loi t\u00e9moigne du pouvoir de l&#39;action collective et de l&#39;importance de veiller \u00e0 ce que toutes les voix, en particulier celles des communaut\u00e9s marginalis\u00e9es, soient entendues et respect\u00e9es dans nos politiques environnementales. &raquo;<\/p><p><strong>Les principaux \u00e9l\u00e9ments du projet de loi C-226 sont les suivants :&nbsp;<\/strong><\/p><ul class=\"wp-block-list\"><li>\u00c9laboration d&#39;une strat\u00e9gie nationale : \u00c9valuer, pr\u00e9venir et traiter le racisme environnemental \u00e0 travers le Canada.<\/li><li>Consultation et coop\u00e9ration : Assurer une participation significative des communaut\u00e9s autochtones, racialis\u00e9es et autres communaut\u00e9s marginalis\u00e9es \u00e0 l&#39;\u00e9laboration et \u00e0 la mise en \u0153uvre de la strat\u00e9gie.<\/li><li>Mise en \u0153uvre des mesures : Modifications possibles des lois f\u00e9d\u00e9rales, participation accrue des communaut\u00e9s \u00e0 l&#39;\u00e9laboration des politiques environnementales, indemnisation des personnes ou des communaut\u00e9s touch\u00e9es et collecte de donn\u00e9es sur les effets des risques environnementaux sur la sant\u00e9.<\/li><\/ul><p>&laquo; Ce projet de loi ne vise pas seulement \u00e0 lutter contre les risques environnementaux, mais \u00e9galement \u00e0 reconna\u00eetre et \u00e0 corriger les injustices syst\u00e9miques auxquelles sont confront\u00e9es les communaut\u00e9s marginalis\u00e9es &raquo;, a soulign\u00e9 le chef adjoint Jonathan Pedneault. &laquo; Il s&#39;agit d&#39;une \u00e9tape cruciale vers un Canada plus \u00e9quitable et plus juste, o\u00f9 chaque communaut\u00e9 a droit \u00e0 un environnement s\u00fbr et sain. &raquo;<\/p><p>&laquo; Le racisme environnemental est un probl\u00e8me omnipr\u00e9sent qui touche trop de communaut\u00e9s depuis trop longtemps &raquo;, a ajout\u00e9 le d\u00e9put\u00e9 Mike Morrice. &laquo; Avec l&#39;adoption du projet de loi C-226, nous prenons des mesures concr\u00e8tes pour rem\u00e9dier \u00e0 ces injustices et travailler \u00e0 l&#39;av\u00e8nement d&#39;un Canada o\u00f9 tout le monde a acc\u00e8s \u00e0 un environnement s\u00fbr et sain. Je suis fier d&#39;appuyer ce projet de loi essentiel et de me joindre aux&nbsp; personnes qui ont lutt\u00e9 sans rel\u00e2che pour cette cause. &raquo;<\/p><p>Le projet de loi C-226 est le troisi\u00e8me texte l\u00e9gislatif des du Parti vert \u00e0 \u00eatre adopt\u00e9 suite \u00e0 la la Strat\u00e9gie sur la maladie de Lyme et le projet de loi visant \u00e0 interdire la d\u00e9tention de baleines et de dauphins en captivit\u00e9. Ce bilan prouve que les Verts ne sont pas un parti \u00e0 vocation unique. Nous avons \u00e9tabli de nouvelles lois en faveur de la justice sociale en soutenant les communaut\u00e9s marginalis\u00e9es, en aidant les personnes qui luttent contre une maladie d\u00e9vastatrice dont la pr\u00e9valence a augment\u00e9 en raison du changement climatique et en d\u00e9fendant les mammif\u00e8res marins et les droits des animaux. Tr\u00e8s peu de projets de loi \u00e9manant de d\u00e9put\u00e9s deviennent des lois. Ces succ\u00e8s devraient encourager davantage la population \u00e0 \u00e9lire plus de d\u00e9put\u00e9s verts.<\/p><p><strong>#####<\/strong><\/p><p><strong>Pour plus d&#39;informations ou pour organiser une entrevue :&nbsp;<\/strong><\/p><p><strong>Fabrice Lachance Nov\u00e9<\/strong><\/p><p><strong>Attach\u00e9 de presse<\/strong><\/p><p><strong>514-463-0021<\/strong><\/p><p><strong>media@partivert.ca<\/strong><\/p>","protected":false},"excerpt":{"rendered":"<p>OTTAWA &#8211; Le Parti vert du Canada est ravi d&#39;annoncer une \u00e9tape importante dans la lutte pour la justice environnementale avec l&#39;adoption du projet de loi C-226, la Loi sur [&hellip;]<\/p>\n","protected":false},"featured_media":0,"template":"","meta":{"_acf_changed":false,"inline_featured_image":false,"site-sidebar-layout":"default","site-content-layout":"","ast-site-content-layout":"default","site-content-style":"default","site-sidebar-style":"default","ast-global-header-display":"","ast-banner-title-visibility":"","ast-main-header-display":"","ast-hfb-above-header-display":"","ast-hfb-below-header-display":"","ast-hfb-mobile-header-display":"","site-post-title":"","ast-breadcrumbs-content":"","ast-featured-img":"","footer-sml-layout":"","ast-disable-related-posts":"","theme-transparent-header-meta":"","adv-header-id-meta":"","stick-header-meta":"","header-above-stick-meta":"","header-main-stick-meta":"","header-below-stick-meta":"","astra-migrate-meta-layouts":"default","ast-page-background-enabled":"default","ast-page-background-meta":{"desktop":{"background-color":"var(--ast-global-color-5)","background-image":"","background-repeat":"repeat","background-position":"center center","background-size":"auto","background-attachment":"scroll","background-type":"","background-media":"","overlay-type":"","overlay-color":"","overlay-opacity":"","overlay-gradient":""},"tablet":{"background-color":"","background-image":"","background-repeat":"repeat","background-position":"center center","background-size":"auto","background-attachment":"scroll","background-type":"","background-media":"","overlay-type":"","overlay-color":"","overlay-opacity":"","overlay-gradient":""},"mobile":{"background-color":"","background-image":"","background-repeat":"repeat","background-position":"center center","background-size":"auto","background-attachment":"scroll","background-type":"","background-media":"","overlay-type":"","overlay-color":"","overlay-opacity":"","overlay-gradient":""}},"ast-content-background-meta":{"desktop":{"background-color":"var(--ast-global-color-4)","background-image":"","background-repeat":"repeat","background-position":"center center","background-size":"auto","background-attachment":"scroll","background-type":"","background-media":"","overlay-type":"","overlay-color":"","overlay-opacity":"","overlay-gradient":""},"tablet":{"background-color":"var(--ast-global-color-4)","background-image":"","background-repeat":"repeat","background-position":"center center","background-size":"auto","background-attachment":"scroll","background-type":"","background-media":"","overlay-type":"","overlay-color":"","overlay-opacity":"","overlay-gradient":""},"mobile":{"background-color":"var(--ast-global-color-4)","background-image":"","background-repeat":"repeat","background-position":"center center","background-size":"auto","background-attachment":"scroll","background-type":"","background-media":"","overlay-type":"","overlay-color":"","overlay-opacity":"","overlay-gradient":""}},"_price":"","_stock":"","_tribe_ticket_header":"","_tribe_default_ticket_provider":"","_tribe_ticket_capacity":"0","_ticket_start_date":"","_ticket_end_date":"","_tribe_ticket_show_description":"","_tribe_ticket_show_not_going":false,"_tribe_ticket_use_global_stock":"","_tribe_ticket_global_stock_level":"","_global_stock_mode":"","_global_stock_cap":"","_tribe_rsvp_for_event":"","_tribe_ticket_going_count":"","_tribe_ticket_not_going_count":"","_tribe_tickets_list":"[]","_tribe_ticket_has_attendee_info_fields":false},"location":[33],"section":[],"class_list":["post-909","article","type-article","status-publish","hentry","location-ottawa"],"acf":[],"_links":{"self":[{"href":"https:\/\/www.greenparty.ca\/fr\/wp-json\/wp\/v2\/article\/909","targetHints":{"allow":["GET"]}}],"collection":[{"href":"https:\/\/www.greenparty.ca\/fr\/wp-json\/wp\/v2\/article"}],"about":[{"href":"https:\/\/www.greenparty.ca\/fr\/wp-json\/wp\/v2\/types\/article"}],"wp:attachment":[{"href":"https:\/\/www.greenparty.ca\/fr\/wp-json\/wp\/v2\/media?parent=909"}],"wp:term":[{"taxonomy":"location","embeddable":true,"href":"https:\/\/www.greenparty.ca\/fr\/wp-json\/wp\/v2\/location?post=909"},{"taxonomy":"section","embeddable":true,"href":"https:\/\/www.greenparty.ca\/fr\/wp-json\/wp\/v2\/section?post=909"}],"curies":[{"name":"wp","href":"https:\/\/api.w.org\/{rel}","templated":true}]}}