{"id":861,"date":"2024-02-08T22:32:09","date_gmt":"2024-02-09T03:32:09","guid":{"rendered":"https:\/\/www.greenparty.ca\/article\/nomination-de-rainbow-eyes-en-tant-que-deuxieme-chef-adjointe-du-parti-vert-du-canada\/"},"modified":"2025-02-18T01:27:19","modified_gmt":"2025-02-18T06:27:19","slug":"nomination-de-rainbow-eyes-en-tant-que-deuxieme-chef-adjointe-du-parti-vert-du-canada","status":"publish","type":"article","link":"https:\/\/www.greenparty.ca\/fr\/nouvelles\/nomination-de-rainbow-eyes-en-tant-que-deuxieme-chef-adjointe-du-parti-vert-du-canada","title":{"rendered":"Nomination de Rainbow Eyes en tant que deuxi\u00e8me chef adjointe du Parti vert du Canada"},"content":{"rendered":"<p>OTTAWA &ndash; Les chefs du Parti Vert du Canada Elizabeth May et Jonathan Pedneault (actuellement chef adjoint) sont ravis d&#39;annoncer la nomination de Rainbow Eyes en tant que deuxi\u00e8me chef adjointe. Ooh-mah Ah-nise !<\/p><p>Alors que le Parti vert aspire \u00e0 adopter officiellement la codirection, les deux postes actuels de chef adjoint seront maintenus.<\/p><p>&laquo; Nous sommes immens\u00e9ment heureux et honor\u00e9s que Rainbow Eyes, actuellement condamn\u00e9e pour outrage criminel pour sa d\u00e9fense de la for\u00eat ancienne de Fairy Creek, ait accept\u00e9 un r\u00f4le de premier plan au sein du Parti vert du Canada. En attendant le prononc\u00e9 de la sentence, nous, en tant que Verts, ne pourrions \u00eatre plus fiers de Rainbow Eyes pour son courage personnel, son int\u00e9grit\u00e9 et sa profonde all\u00e9geance \u00e0 notre monde vivant &raquo;, a d\u00e9clar\u00e9 le chef adjoint Jonathan Pedneault.<\/p><p>En tant que chef adjointe, Rainbow Eyes travaillera en \u00e9troite collaboration avec Elizabeth May et Jonathan Pedneault afin de promouvoir la vision et les valeurs du Parti vert et de s&#39;engager aupr\u00e8s des personnes provenant de tous les horizons. Elle jouera \u00e9galement un r\u00f4le cl\u00e9 dans l&#39;\u00e9tablissement et le renforcement des relations avec les autres partis politiques ainsi qu&#39;avec les organisations et les individus qui partagent les objectifs du Parti.<\/p><p>La chef Elizabeth May a ajout\u00e9 : &laquo; Rainbow Eyes apporte \u00e0 notre \u00e9quipe dirigeante une grande exp\u00e9rience et un engagement en faveur de la protection de l&#39;environnement. Son d\u00e9vouement \u00e0 la d\u00e9fense du monde naturel s&#39;aligne parfaitement avec les valeurs du Parti vert et nous nous r\u00e9jouissons de travailler ensemble pour faire avancer nos objectifs communs &raquo;.<\/p><p>Rainbow s&#39;engage \u00e0 travailler sans rel\u00e2che pour un avenir plus durable et plus juste pour l&rsquo;ensemble de la population canadienne. Elle est impatiente de collaborer avec Elizabeth May, Jonathan Pedneault et d&#39;autres membres du Parti pour atteindre cet objectif.<\/p><p>&laquo; Je suis tr\u00e8s honor\u00e9e et ravie de me retrouver aux c\u00f4t\u00e9s d&#39;Elizabeth et de Jonathan, que je respecte profond\u00e9ment &raquo;, a d\u00e9clar\u00e9 Rainbow Eyes. &laquo; J&#39;accepte ce poste avec l&#39;esprit et la conviction que nous sommes capables d&#39;exercer un impact positif d\u00e8s maintenant. En tant que gardienne et protectrice de la Terre, je suis fi\u00e8re de porter l&#39;h\u00e9ritage de mes anc\u00eatres et d&#39;honorer le c\u0153ur de la culture et du mode de vie autochtones.<\/p><p>Rainbow Eyes a d\u00e9j\u00e0 \u00e9t\u00e9 chef adjointe de l&#39;ancien chef int\u00e9rimaire du Parti Amita Kuttner et est membre de longue date du Cercle consultatif des peuples autochtones du Parti vert.<\/p><p><strong>#####<\/strong><\/p><p><strong>Pour plus d&#39;informations ou pour organiser une entrevue :&nbsp;<\/strong><\/p><p><strong>Fabrice Lachance Nov\u00e9<\/strong><\/p><p><strong>Attach\u00e9 de presse<\/strong><\/p><p><strong>514-463-0021<\/strong><\/p><p><strong>media@partivert.ca<\/strong><\/p>","protected":false},"excerpt":{"rendered":"<p>OTTAWA &ndash; Les chefs du Parti Vert du Canada Elizabeth May et Jonathan Pedneault (actuellement chef adjoint) sont ravis d&#39;annoncer la nomination de Rainbow Eyes en tant que deuxi\u00e8me chef [&hellip;]<\/p>\n","protected":false},"featured_media":0,"template":"","meta":{"_acf_changed":false,"inline_featured_image":false,"site-sidebar-layout":"default","site-content-layout":"","ast-site-content-layout":"default","site-content-style":"default","site-sidebar-style":"default","ast-global-header-display":"","ast-banner-title-visibility":"","ast-main-header-display":"","ast-hfb-above-header-display":"","ast-hfb-below-header-display":"","ast-hfb-mobile-header-display":"","site-post-title":"","ast-breadcrumbs-content":"","ast-featured-img":"","footer-sml-layout":"","ast-disable-related-posts":"","theme-transparent-header-meta":"","adv-header-id-meta":"","stick-header-meta":"","header-above-stick-meta":"","header-main-stick-meta":"","header-below-stick-meta":"","astra-migrate-meta-layouts":"default","ast-page-background-enabled":"default","ast-page-background-meta":{"desktop":{"background-color":"var(--ast-global-color-5)","background-image":"","background-repeat":"repeat","background-position":"center center","background-size":"auto","background-attachment":"scroll","background-type":"","background-media":"","overlay-type":"","overlay-color":"","overlay-opacity":"","overlay-gradient":""},"tablet":{"background-color":"","background-image":"","background-repeat":"repeat","background-position":"center center","background-size":"auto","background-attachment":"scroll","background-type":"","background-media":"","overlay-type":"","overlay-color":"","overlay-opacity":"","overlay-gradient":""},"mobile":{"background-color":"","background-image":"","background-repeat":"repeat","background-position":"center center","background-size":"auto","background-attachment":"scroll","background-type":"","background-media":"","overlay-type":"","overlay-color":"","overlay-opacity":"","overlay-gradient":""}},"ast-content-background-meta":{"desktop":{"background-color":"var(--ast-global-color-4)","background-image":"","background-repeat":"repeat","background-position":"center center","background-size":"auto","background-attachment":"scroll","background-type":"","background-media":"","overlay-type":"","overlay-color":"","overlay-opacity":"","overlay-gradient":""},"tablet":{"background-color":"var(--ast-global-color-4)","background-image":"","background-repeat":"repeat","background-position":"center center","background-size":"auto","background-attachment":"scroll","background-type":"","background-media":"","overlay-type":"","overlay-color":"","overlay-opacity":"","overlay-gradient":""},"mobile":{"background-color":"var(--ast-global-color-4)","background-image":"","background-repeat":"repeat","background-position":"center center","background-size":"auto","background-attachment":"scroll","background-type":"","background-media":"","overlay-type":"","overlay-color":"","overlay-opacity":"","overlay-gradient":""}},"_price":"","_stock":"","_tribe_ticket_header":"","_tribe_default_ticket_provider":"","_tribe_ticket_capacity":"0","_ticket_start_date":"","_ticket_end_date":"","_tribe_ticket_show_description":"","_tribe_ticket_show_not_going":false,"_tribe_ticket_use_global_stock":"","_tribe_ticket_global_stock_level":"","_global_stock_mode":"","_global_stock_cap":"","_tribe_rsvp_for_event":"","_tribe_ticket_going_count":"","_tribe_ticket_not_going_count":"","_tribe_tickets_list":"[]","_tribe_ticket_has_attendee_info_fields":false},"location":[33],"section":[],"class_list":["post-861","article","type-article","status-publish","hentry","location-ottawa"],"acf":[],"_links":{"self":[{"href":"https:\/\/www.greenparty.ca\/fr\/wp-json\/wp\/v2\/article\/861","targetHints":{"allow":["GET"]}}],"collection":[{"href":"https:\/\/www.greenparty.ca\/fr\/wp-json\/wp\/v2\/article"}],"about":[{"href":"https:\/\/www.greenparty.ca\/fr\/wp-json\/wp\/v2\/types\/article"}],"wp:attachment":[{"href":"https:\/\/www.greenparty.ca\/fr\/wp-json\/wp\/v2\/media?parent=861"}],"wp:term":[{"taxonomy":"location","embeddable":true,"href":"https:\/\/www.greenparty.ca\/fr\/wp-json\/wp\/v2\/location?post=861"},{"taxonomy":"section","embeddable":true,"href":"https:\/\/www.greenparty.ca\/fr\/wp-json\/wp\/v2\/section?post=861"}],"curies":[{"name":"wp","href":"https:\/\/api.w.org\/{rel}","templated":true}]}}