{"id":823,"date":"2023-11-21T21:39:55","date_gmt":"2023-11-22T02:39:55","guid":{"rendered":"https:\/\/www.greenparty.ca\/article\/les-verts-expriment-leur-inquietude-concernant-lenonce-economique-dautomne-qui-ne-repond-pas-aux-besoins-des-canadiens\/"},"modified":"2025-02-18T01:27:18","modified_gmt":"2025-02-18T06:27:18","slug":"les-verts-expriment-leur-inquietude-concernant-lenonce-economique-dautomne-qui-ne-repond-pas-aux-besoins-des-canadiens","status":"publish","type":"article","link":"https:\/\/www.greenparty.ca\/fr\/nouvelles\/les-verts-expriment-leur-inquietude-concernant-lenonce-economique-dautomne-qui-ne-repond-pas-aux-besoins-des-canadiens","title":{"rendered":"Les Verts expriment leur inqui\u00e9tude concernant l&rsquo;\u00e9nonc\u00e9 \u00e9conomique d&rsquo;automne qui ne r\u00e9pond pas aux besoins des Canadiens"},"content":{"rendered":"<p>AVIS AUX M\u00c9DIAS<\/p><p>Pour diffusion imm\u00e9diate<\/p><p>Le 21 novembre 2023<\/p><p>Les Verts expriment leur inqui\u00e9tude concernant l&#39;\u00e9nonc\u00e9 \u00e9conomique d&#39;automne qui ne r\u00e9pond pas aux besoins des Canadiens<\/p><p>Avec les crises climatiques, du logement et de l&#39;accessibilit\u00e9 se chevauchant et touchant les Canadiens d&#39;un oc\u00e9an \u00e0 l&#39;autre, les Verts s&#39;inqui\u00e8tent que l&#39;\u00c9nonc\u00e9 \u00c9conomique d&#39;Automne d&#39;aujourd&#39;hui ne privil\u00e9gie pas les personnes et les petites entreprises qui luttent contre l&#39;augmentation du co\u00fbt de la vie par rapport aux grandes entreprises qui r\u00e9alisent des profits records.<\/p><p>&quot;Il est surprenant de constater qu&#39;il n&#39;y a rien pour reconstituer l&#39;Initiative Maisons plus Vertes, qui sera bient\u00f4t \u00e9puis\u00e9e&quot;, a d\u00e9clar\u00e9 la cheffe du Parti vert du Canada, Elizabeth May, d\u00e9put\u00e9e de Saanich-Gulf Islands. &quot;L&#39;occasion d&#39;utiliser des \u00e9conomies budg\u00e9taires pour la promotion et l&#39;expansion continues des \u00e9nergies fossiles a \u00e9galement \u00e9t\u00e9 manqu\u00e9e, avec plus de 30 milliards de dollars gaspill\u00e9s dans la construction de l&#39;ol\u00e9oduc TMX, et des milliards de plus pour la capture et le stockage du carbone &#8211; une autre subvention \u00e0 l&#39;industrie p\u00e9troli\u00e8re.&quot;<\/p><p>De m\u00eame, la mise \u00e0 jour \u00e9conomique a rat\u00e9 l&#39;occasion d&#39;appliquer une taxe sur les profits excessifs des grandes entreprises p\u00e9troli\u00e8res, ce que les Verts demandent pour financer des solutions climatiques pour les Canadiens. Cela am\u00e9liorerait \u00e9galement l&#39;accessibilit\u00e9 globale.<\/p><p>&quot;Le parti au pouvoir a d\u00e9j\u00e0 appliqu\u00e9 une taxe unique sur les profits excessifs des banques et des compagnies d&#39;assurance gr\u00e2ce au Dividende de Relance du Canada&quot;, a d\u00e9clar\u00e9 Mike Morrice, d\u00e9put\u00e9 de Kitchener Centre. &quot;Au milieu d&#39;une crise climatique, il est profond\u00e9ment d\u00e9cevant qu&#39;ils n&#39;aient pas simplement appliqu\u00e9 cette m\u00eame mesure au secteur p\u00e9trolier et gazier dans le budget \u00e9conomique d&#39;aujourd&#39;hui.&quot;<\/p><p>La motion de Morrice, la motion de d\u00e9put\u00e9 priv\u00e9 92, demande au parti au pouvoir d&#39;\u00e9tendre cette taxe sur les b\u00e9n\u00e9fices exceptionnels \u00e0 l&#39;industrie p\u00e9troli\u00e8re et gazi\u00e8re et de diriger les fonds r\u00e9sultants vers des investissements essentiels pour l&#39;accessibilit\u00e9 et des solutions climatiques \u00e9prouv\u00e9es. Le Bureau du budget parlementaire non partisan (BBP) a publi\u00e9 un rapport sur la motion de Morrice montrant qu&#39;une application unique de la taxe sur les b\u00e9n\u00e9fices des compagnies p\u00e9troli\u00e8res en 2022 pourrait g\u00e9n\u00e9rer 4,2 milliards de dollars pour d&#39;autres initiatives, y compris le financement de pompes \u00e0 chaleur pour les personnes en situation de pr\u00e9carit\u00e9 \u00e9nerg\u00e9tique ou des investissements dans les transports en commun pour les rendre abordables pour tous.<\/p><p>Apr\u00e8s avoir omis d&#39;investir dans le logement dans le budget de 2023, les Verts applaudissent la d\u00e9cision de supprimer les exon\u00e9rations d&#39;imp\u00f4t sur le revenu pour les investisseurs \u00e0 court terme dans les locations, afin de freiner la perte d&#39;unit\u00e9s de logement n\u00e9cessaires sur le march\u00e9 locatif \u00e0 long terme.<\/p><p>Bien que cet \u00c9nonc\u00e9 \u00c9conomique reconnaisse que les prix des denr\u00e9es alimentaires restent obstin\u00e9ment \u00e9lev\u00e9s, il manque l&#39;opportunit\u00e9 de s&#39;assurer que les enfants canadiens n&#39;apprennent pas le ventre vide.<\/p><p>&quot;Malgr\u00e9 des ann\u00e9es de plaidoyer en faveur de programmes de petit-d\u00e9jeuner et de d\u00e9jeuner scolaires, il n&#39;y a rien dans la mise \u00e0 jour du budget 2023 pour fournir une alimentation saine aux enfants \u00e0 l&#39;\u00e9cole&quot;, a d\u00e9clar\u00e9 Mme May.<\/p><p>Trois ans apr\u00e8s que Mme May ait lutt\u00e9 pour rendre les services de sant\u00e9 mentale plus abordables en supprimant la taxe sur les s\u00e9ances de counseling et de th\u00e9rapie par le biais d&#39;amendements \u00e0 la Loi d&#39;Application du Budget, la mesure depuis longtemps attendue incluse est salu\u00e9e par les Verts.<\/p><p>Alors que le monde se pr\u00e9pare pour la COP 28, le Canada arrivera \u00e0 Duba\u00ef avec le pire bilan climatique du G7. Malgr\u00e9 cela, les lib\u00e9raux continuent de financer des solutions climatiques d\u00e9faillantes comme la capture et le stockage du carbone, tout en manquant la derni\u00e8re chance de sauver les entreprises locales impact\u00e9es par la pand\u00e9mie et la date limite imminente des pr\u00eats du Compte d&#39;Urgence pour les Entreprises du Canada (CUEC).<\/p><p>&quot;Comment pouvons-nous regarder nos voisins dans les yeux alors que nous donnons des milliards de dollars de subventions \u00e0 d&#39;\u00e9normes g\u00e9ants du p\u00e9trole et du gaz qui font des profits, tandis que leurs petites entreprises sont contraintes de fermer leurs portes apr\u00e8s avoir fait ce qu&#39;il fallait pour nous prot\u00e9ger tous pendant le pire de la pand\u00e9mie ?&quot;, a d\u00e9clar\u00e9 Morrice.<\/p><p>Les Verts continuent \u00e9galement de faire pression pour que la Prestation Canadienne pour l&#39;Incapacit\u00e9 soit financ\u00e9e dans le budget de 2024 et, en attendant, pour un Programme d&#39;Urgence pour les Personnes Handicap\u00e9es afin de mettre fin \u00e0 la pauvret\u00e9 l\u00e9gif\u00e9r\u00e9e des personnes vivant avec un handicap.<\/p><p>&nbsp;<\/p><p>Pour plus d&#39;informations ou pour organiser une entrevue :<\/p><p>Debra Eindiguer<\/p><p>D\u00e9put\u00e9e Elizabeth May, Saanich-Gulf Islands<\/p><p>613-240-8921<\/p><p>debra.eindiguer.827@parl.gc.ca<\/p><p>Rosalind Horne<\/p><p>D\u00e9put\u00e9 Mike Morrice, Kitchener Centre<\/p><p>226-749-2198<\/p><p>rosalind.horne.445@parl.gc.ca<\/p><p>&nbsp;<\/p>","protected":false},"excerpt":{"rendered":"<p>AVIS AUX M\u00c9DIAS Pour diffusion imm\u00e9diate Le 21 novembre 2023 Les Verts expriment leur inqui\u00e9tude concernant l&#39;\u00e9nonc\u00e9 \u00e9conomique d&#39;automne qui ne r\u00e9pond pas aux besoins des Canadiens Avec les crises [&hellip;]<\/p>\n","protected":false},"featured_media":0,"template":"","meta":{"_acf_changed":false,"inline_featured_image":false,"site-sidebar-layout":"default","site-content-layout":"","ast-site-content-layout":"default","site-content-style":"default","site-sidebar-style":"default","ast-global-header-display":"","ast-banner-title-visibility":"","ast-main-header-display":"","ast-hfb-above-header-display":"","ast-hfb-below-header-display":"","ast-hfb-mobile-header-display":"","site-post-title":"","ast-breadcrumbs-content":"","ast-featured-img":"","footer-sml-layout":"","ast-disable-related-posts":"","theme-transparent-header-meta":"","adv-header-id-meta":"","stick-header-meta":"","header-above-stick-meta":"","header-main-stick-meta":"","header-below-stick-meta":"","astra-migrate-meta-layouts":"default","ast-page-background-enabled":"default","ast-page-background-meta":{"desktop":{"background-color":"var(--ast-global-color-5)","background-image":"","background-repeat":"repeat","background-position":"center center","background-size":"auto","background-attachment":"scroll","background-type":"","background-media":"","overlay-type":"","overlay-color":"","overlay-opacity":"","overlay-gradient":""},"tablet":{"background-color":"","background-image":"","background-repeat":"repeat","background-position":"center center","background-size":"auto","background-attachment":"scroll","background-type":"","background-media":"","overlay-type":"","overlay-color":"","overlay-opacity":"","overlay-gradient":""},"mobile":{"background-color":"","background-image":"","background-repeat":"repeat","background-position":"center center","background-size":"auto","background-attachment":"scroll","background-type":"","background-media":"","overlay-type":"","overlay-color":"","overlay-opacity":"","overlay-gradient":""}},"ast-content-background-meta":{"desktop":{"background-color":"var(--ast-global-color-4)","background-image":"","background-repeat":"repeat","background-position":"center center","background-size":"auto","background-attachment":"scroll","background-type":"","background-media":"","overlay-type":"","overlay-color":"","overlay-opacity":"","overlay-gradient":""},"tablet":{"background-color":"var(--ast-global-color-4)","background-image":"","background-repeat":"repeat","background-position":"center center","background-size":"auto","background-attachment":"scroll","background-type":"","background-media":"","overlay-type":"","overlay-color":"","overlay-opacity":"","overlay-gradient":""},"mobile":{"background-color":"var(--ast-global-color-4)","background-image":"","background-repeat":"repeat","background-position":"center center","background-size":"auto","background-attachment":"scroll","background-type":"","background-media":"","overlay-type":"","overlay-color":"","overlay-opacity":"","overlay-gradient":""}},"_price":"","_stock":"","_tribe_ticket_header":"","_tribe_default_ticket_provider":"","_tribe_ticket_capacity":"0","_ticket_start_date":"","_ticket_end_date":"","_tribe_ticket_show_description":"","_tribe_ticket_show_not_going":false,"_tribe_ticket_use_global_stock":"","_tribe_ticket_global_stock_level":"","_global_stock_mode":"","_global_stock_cap":"","_tribe_rsvp_for_event":"","_tribe_ticket_going_count":"","_tribe_ticket_not_going_count":"","_tribe_tickets_list":"[]","_tribe_ticket_has_attendee_info_fields":false},"location":[33],"section":[],"class_list":["post-823","article","type-article","status-publish","hentry","location-ottawa"],"acf":[],"_links":{"self":[{"href":"https:\/\/www.greenparty.ca\/fr\/wp-json\/wp\/v2\/article\/823","targetHints":{"allow":["GET"]}}],"collection":[{"href":"https:\/\/www.greenparty.ca\/fr\/wp-json\/wp\/v2\/article"}],"about":[{"href":"https:\/\/www.greenparty.ca\/fr\/wp-json\/wp\/v2\/types\/article"}],"wp:attachment":[{"href":"https:\/\/www.greenparty.ca\/fr\/wp-json\/wp\/v2\/media?parent=823"}],"wp:term":[{"taxonomy":"location","embeddable":true,"href":"https:\/\/www.greenparty.ca\/fr\/wp-json\/wp\/v2\/location?post=823"},{"taxonomy":"section","embeddable":true,"href":"https:\/\/www.greenparty.ca\/fr\/wp-json\/wp\/v2\/section?post=823"}],"curies":[{"name":"wp","href":"https:\/\/api.w.org\/{rel}","templated":true}]}}