{"id":605,"date":"2022-05-17T14:54:01","date_gmt":"2022-05-17T18:54:01","guid":{"rendered":"https:\/\/www.greenparty.ca\/article\/le-chef-du-parti-vert-constate-une-montee-preoccupante-de-la-haine-fondee-sur-la-sexualite-et-lidentite-de-genre\/"},"modified":"2025-02-18T01:26:53","modified_gmt":"2025-02-18T06:26:53","slug":"le-chef-du-parti-vert-constate-une-montee-preoccupante-de-la-haine-fondee-sur-la-sexualite-et-lidentite-de-genre","status":"publish","type":"article","link":"https:\/\/www.greenparty.ca\/fr\/nouvelles\/le-chef-du-parti-vert-constate-une-montee-preoccupante-de-la-haine-fondee-sur-la-sexualite-et-lidentite-de-genre","title":{"rendered":"Le chef du Parti vert constate une mont\u00e9e pr\u00e9occupante de la haine fond\u00e9e sur la sexualit\u00e9 et l&rsquo;identit\u00e9 de genre"},"content":{"rendered":"<p>OTTAWA &#8211; Bien que les niveaux g\u00e9n\u00e9raux d&#39;acceptation et d&#39;acc\u00e8s aux services se soient am\u00e9lior\u00e9s pour les personnes 2SLGBTQIA+ au Canada, l&#39;homophobie, la biphobie, l&#39;intersexisme et la transphobie demeurent r\u00e9pandus et oppressants, a d\u00e9clar\u00e9 aujourd&#39;hui le chef int\u00e9rimaire du Parti vert Amita Kuttner.<\/p><p>&laquo; La haine anti-trans est en hausse dans le monde entier sous l&#39;impulsion de l&#39;id\u00e9ologie et des organisations d&#39;extr\u00eame droite &raquo;, a d\u00e9clar\u00e9 Amita Kuttner, premi\u00e8re personne transgenre \u00e0 diriger un parti politique national au Canada. &laquo; Elle n&#39;est pas aussi reconnue que d&#39;autres formes de haine ; l&#39;\u00e9ducation autour des personnes trans est si minimale que m\u00eame les cas majeurs de transphobie ne sont pas remarqu\u00e9s et sont souvent d\u00e9fendus. &raquo;<\/p><p>\u00c0 l&#39;occasion de la Journ\u00e9e internationale contre l&#39;homophobie, la biphobie et la transphobie, le Dr Kuttner a d\u00e9clar\u00e9 : &laquo; D&#39;un point de vue v\u00e9cu personnel en tant que personne marginalis\u00e9e de mani\u00e8re intersectionnelle, la haine anti-trans est ouverte et non dissimul\u00e9e. Elle est constamment plus effront\u00e9e que les micro-agressions et les probl\u00e8mes de biais implicites autour de mes autres identit\u00e9s ainsi que les probl\u00e8mes g\u00e9n\u00e9raux de cis et d&#39;h\u00e9t\u00e9ronormativit\u00e9. &raquo;<\/p><p>&laquo; Nous ne parlons pas assez des \u00e9l\u00e9ments positifs. \u00catre trans est une belle exp\u00e9rience. Toutes les exp\u00e9riences n\u00e9gatives dont on parle si souvent comme les suicides et la d\u00e9tresse sont dues \u00e0 des probl\u00e8mes syst\u00e9miques et \u00e0 la haine. &raquo;<\/p><p>Le Dr Kuttner a appel\u00e9 le gouvernement \u00e0 \u00e9tablir un financement permanent pour le Secr\u00e9tariat LGBTQ et \u00e0 investir dans les organisations 2SLGBTQIA+ pour lutter contre la violence sexiste. &laquo; Le Canada a besoin d&#39;une strat\u00e9gie nationale pour lutter contre la haine sexiste de mani\u00e8re pr\u00e9ventive avant qu&#39;elle ne se transforme en un mouvement r\u00e9ussissant \u00e0 supprimer nos droits durement acquis &raquo;, a-t-il d\u00e9clar\u00e9. &laquo; Nous avons des strat\u00e9gies pour combattre d&#39;autres formes de haine &#8211; cela ne devrait pas \u00eatre diff\u00e9rent. &raquo;<\/p><p>La chef parlementaire du Parti vert, Elizabeth May (d\u00e9put\u00e9e de Saanich-Gulf Islands), a d\u00e9clar\u00e9&nbsp;: &laquo; En cette Journ\u00e9e internationale contre l&#39;homophobie, la biphobie et la transphobie, je suis profond\u00e9ment consciente que trop de personnes sont encore expos\u00e9es \u00e0 la haine et \u00e0 la discrimination en raison de ce qu&#39;elles sont. Les personnes parmi nous qui ne font pas partie de la communaut\u00e9 2SLGBTQIA+ doivent \u00eatre solidaires de celles qui sont marginalis\u00e9es et maltrait\u00e9es.&nbsp;&raquo;<\/p><p>####<\/p><p>Pour plus d&#39;informations ou pour organiser une entrevue :<br \/>John Chenery<br \/>media@partivert.ca<br \/>1-613-562-4916 poste 215<\/p>","protected":false},"excerpt":{"rendered":"<p>OTTAWA &#8211; Bien que les niveaux g\u00e9n\u00e9raux d&#39;acceptation et d&#39;acc\u00e8s aux services se soient am\u00e9lior\u00e9s pour les personnes 2SLGBTQIA+ au Canada, l&#39;homophobie, la biphobie, l&#39;intersexisme et la transphobie demeurent r\u00e9pandus [&hellip;]<\/p>\n","protected":false},"featured_media":0,"template":"","meta":{"_acf_changed":false,"inline_featured_image":false,"site-sidebar-layout":"default","site-content-layout":"","ast-site-content-layout":"default","site-content-style":"default","site-sidebar-style":"default","ast-global-header-display":"","ast-banner-title-visibility":"","ast-main-header-display":"","ast-hfb-above-header-display":"","ast-hfb-below-header-display":"","ast-hfb-mobile-header-display":"","site-post-title":"","ast-breadcrumbs-content":"","ast-featured-img":"","footer-sml-layout":"","ast-disable-related-posts":"","theme-transparent-header-meta":"","adv-header-id-meta":"","stick-header-meta":"","header-above-stick-meta":"","header-main-stick-meta":"","header-below-stick-meta":"","astra-migrate-meta-layouts":"default","ast-page-background-enabled":"default","ast-page-background-meta":{"desktop":{"background-color":"var(--ast-global-color-5)","background-image":"","background-repeat":"repeat","background-position":"center center","background-size":"auto","background-attachment":"scroll","background-type":"","background-media":"","overlay-type":"","overlay-color":"","overlay-opacity":"","overlay-gradient":""},"tablet":{"background-color":"","background-image":"","background-repeat":"repeat","background-position":"center center","background-size":"auto","background-attachment":"scroll","background-type":"","background-media":"","overlay-type":"","overlay-color":"","overlay-opacity":"","overlay-gradient":""},"mobile":{"background-color":"","background-image":"","background-repeat":"repeat","background-position":"center center","background-size":"auto","background-attachment":"scroll","background-type":"","background-media":"","overlay-type":"","overlay-color":"","overlay-opacity":"","overlay-gradient":""}},"ast-content-background-meta":{"desktop":{"background-color":"var(--ast-global-color-4)","background-image":"","background-repeat":"repeat","background-position":"center center","background-size":"auto","background-attachment":"scroll","background-type":"","background-media":"","overlay-type":"","overlay-color":"","overlay-opacity":"","overlay-gradient":""},"tablet":{"background-color":"var(--ast-global-color-4)","background-image":"","background-repeat":"repeat","background-position":"center center","background-size":"auto","background-attachment":"scroll","background-type":"","background-media":"","overlay-type":"","overlay-color":"","overlay-opacity":"","overlay-gradient":""},"mobile":{"background-color":"var(--ast-global-color-4)","background-image":"","background-repeat":"repeat","background-position":"center center","background-size":"auto","background-attachment":"scroll","background-type":"","background-media":"","overlay-type":"","overlay-color":"","overlay-opacity":"","overlay-gradient":""}},"_price":"","_stock":"","_tribe_ticket_header":"","_tribe_default_ticket_provider":"","_tribe_ticket_capacity":"0","_ticket_start_date":"","_ticket_end_date":"","_tribe_ticket_show_description":"","_tribe_ticket_show_not_going":false,"_tribe_ticket_use_global_stock":"","_tribe_ticket_global_stock_level":"","_global_stock_mode":"","_global_stock_cap":"","_tribe_rsvp_for_event":"","_tribe_ticket_going_count":"","_tribe_ticket_not_going_count":"","_tribe_tickets_list":"[]","_tribe_ticket_has_attendee_info_fields":false},"location":[33],"section":[],"class_list":["post-605","article","type-article","status-publish","hentry","location-ottawa"],"acf":[],"_links":{"self":[{"href":"https:\/\/www.greenparty.ca\/fr\/wp-json\/wp\/v2\/article\/605","targetHints":{"allow":["GET"]}}],"collection":[{"href":"https:\/\/www.greenparty.ca\/fr\/wp-json\/wp\/v2\/article"}],"about":[{"href":"https:\/\/www.greenparty.ca\/fr\/wp-json\/wp\/v2\/types\/article"}],"wp:attachment":[{"href":"https:\/\/www.greenparty.ca\/fr\/wp-json\/wp\/v2\/media?parent=605"}],"wp:term":[{"taxonomy":"location","embeddable":true,"href":"https:\/\/www.greenparty.ca\/fr\/wp-json\/wp\/v2\/location?post=605"},{"taxonomy":"section","embeddable":true,"href":"https:\/\/www.greenparty.ca\/fr\/wp-json\/wp\/v2\/section?post=605"}],"curies":[{"name":"wp","href":"https:\/\/api.w.org\/{rel}","templated":true}]}}