{"id":585,"date":"2022-03-17T21:38:25","date_gmt":"2022-03-18T01:38:25","guid":{"rendered":"https:\/\/www.greenparty.ca\/article\/le-parti-vert-organise-son-premier-evenement-public-avec-le-chef-et-les-deputes-depuis-les-elections-federales\/"},"modified":"2025-02-18T01:26:50","modified_gmt":"2025-02-18T06:26:50","slug":"le-parti-vert-organise-son-premier-evenement-public-avec-le-chef-et-les-deputes-depuis-les-elections-federales","status":"publish","type":"article","link":"https:\/\/www.greenparty.ca\/fr\/nouvelles\/le-parti-vert-organise-son-premier-evenement-public-avec-le-chef-et-les-deputes-depuis-les-elections-federales","title":{"rendered":"Le Parti vert organise son premier \u00e9v\u00e9nement public avec le chef et les d\u00e9put\u00e9s depuis les \u00e9lections f\u00e9d\u00e9rales"},"content":{"rendered":"<p>OTTAWA &#8211; La chef int\u00e9rimaire du Parti vert, Amita Kuttner, se joindra aux d\u00e9put\u00e9s Elizabeth May (Saanich-Gulf Islands) et Mike Morrice (Kitchener-Centre) le 24 mars pour le premier \u00e9v\u00e9nement public du parti depuis les \u00e9lections f\u00e9d\u00e9rales de l&#39;an dernier. La r\u00e9ception, la discussion de groupe et la collecte de fonds auront lieu au Bayview Yards \u00e0 Ottawa.<\/p><p>Apr\u00e8s des \u00e9lections f\u00e9d\u00e9rales difficiles, les dirigeants verts ont h\u00e2te d&#39;avoir des conversations franches avec les membres sur les politiques et l&#39;avenir du parti. De nombreux membres sont enthousiastes \u00e0 l&#39;id\u00e9e de voir le Parti Vert redynamis\u00e9 et pr\u00eat \u00e0 poursuivre sa lutte pour une action r\u00e9elle sur la crise climatique et une transition juste vers l&#39;\u00e9conomie verte de l&#39;avenir.<\/p><p>M. Kuttner, Mme May et M. Morrice seront disponibles pour une conf\u00e9rence de presse avant l&#39;\u00e9v\u00e9nement, \u00e0 18 h, au Centre d&#39;innovation Bayview Yards, 7, chemin Bayview Station, Ottawa. Cette conf\u00e9rence sera suivie d&#39;une r\u00e9ception, d&#39;une discussion en groupe \u00e0 19 h et d&#39;une vente aux ench\u00e8res hollandaise \u00e0 20 h 15.&nbsp; Le d\u00e9bat d&#39;experts portera sur la s\u00e9curit\u00e9 internationale et l&#39;Ukraine, les changements climatiques et l&#39;\u00e9conomie verte, ainsi que sur l&#39;avenir du Parti vert, qui se reconstruit et se recentre.<\/p><p>#####<\/p><p>Pour plus d&#39;informations :<br \/>John Chenery<br \/>media@partivert.ca<br \/>1-613-562-4916 poste 215<br \/>&nbsp;<\/p>","protected":false},"excerpt":{"rendered":"<p>OTTAWA &#8211; La chef int\u00e9rimaire du Parti vert, Amita Kuttner, se joindra aux d\u00e9put\u00e9s Elizabeth May (Saanich-Gulf Islands) et Mike Morrice (Kitchener-Centre) le 24 mars pour le premier \u00e9v\u00e9nement public [&hellip;]<\/p>\n","protected":false},"featured_media":0,"template":"","meta":{"_acf_changed":false,"inline_featured_image":false,"site-sidebar-layout":"default","site-content-layout":"","ast-site-content-layout":"default","site-content-style":"default","site-sidebar-style":"default","ast-global-header-display":"","ast-banner-title-visibility":"","ast-main-header-display":"","ast-hfb-above-header-display":"","ast-hfb-below-header-display":"","ast-hfb-mobile-header-display":"","site-post-title":"","ast-breadcrumbs-content":"","ast-featured-img":"","footer-sml-layout":"","ast-disable-related-posts":"","theme-transparent-header-meta":"","adv-header-id-meta":"","stick-header-meta":"","header-above-stick-meta":"","header-main-stick-meta":"","header-below-stick-meta":"","astra-migrate-meta-layouts":"default","ast-page-background-enabled":"default","ast-page-background-meta":{"desktop":{"background-color":"var(--ast-global-color-5)","background-image":"","background-repeat":"repeat","background-position":"center center","background-size":"auto","background-attachment":"scroll","background-type":"","background-media":"","overlay-type":"","overlay-color":"","overlay-opacity":"","overlay-gradient":""},"tablet":{"background-color":"","background-image":"","background-repeat":"repeat","background-position":"center center","background-size":"auto","background-attachment":"scroll","background-type":"","background-media":"","overlay-type":"","overlay-color":"","overlay-opacity":"","overlay-gradient":""},"mobile":{"background-color":"","background-image":"","background-repeat":"repeat","background-position":"center center","background-size":"auto","background-attachment":"scroll","background-type":"","background-media":"","overlay-type":"","overlay-color":"","overlay-opacity":"","overlay-gradient":""}},"ast-content-background-meta":{"desktop":{"background-color":"var(--ast-global-color-4)","background-image":"","background-repeat":"repeat","background-position":"center center","background-size":"auto","background-attachment":"scroll","background-type":"","background-media":"","overlay-type":"","overlay-color":"","overlay-opacity":"","overlay-gradient":""},"tablet":{"background-color":"var(--ast-global-color-4)","background-image":"","background-repeat":"repeat","background-position":"center center","background-size":"auto","background-attachment":"scroll","background-type":"","background-media":"","overlay-type":"","overlay-color":"","overlay-opacity":"","overlay-gradient":""},"mobile":{"background-color":"var(--ast-global-color-4)","background-image":"","background-repeat":"repeat","background-position":"center center","background-size":"auto","background-attachment":"scroll","background-type":"","background-media":"","overlay-type":"","overlay-color":"","overlay-opacity":"","overlay-gradient":""}},"_price":"","_stock":"","_tribe_ticket_header":"","_tribe_default_ticket_provider":"","_tribe_ticket_capacity":"0","_ticket_start_date":"","_ticket_end_date":"","_tribe_ticket_show_description":"","_tribe_ticket_show_not_going":false,"_tribe_ticket_use_global_stock":"","_tribe_ticket_global_stock_level":"","_global_stock_mode":"","_global_stock_cap":"","_tribe_rsvp_for_event":"","_tribe_ticket_going_count":"","_tribe_ticket_not_going_count":"","_tribe_tickets_list":"[]","_tribe_ticket_has_attendee_info_fields":false},"location":[33],"section":[],"class_list":["post-585","article","type-article","status-publish","hentry","location-ottawa"],"acf":[],"_links":{"self":[{"href":"https:\/\/www.greenparty.ca\/fr\/wp-json\/wp\/v2\/article\/585","targetHints":{"allow":["GET"]}}],"collection":[{"href":"https:\/\/www.greenparty.ca\/fr\/wp-json\/wp\/v2\/article"}],"about":[{"href":"https:\/\/www.greenparty.ca\/fr\/wp-json\/wp\/v2\/types\/article"}],"wp:attachment":[{"href":"https:\/\/www.greenparty.ca\/fr\/wp-json\/wp\/v2\/media?parent=585"}],"wp:term":[{"taxonomy":"location","embeddable":true,"href":"https:\/\/www.greenparty.ca\/fr\/wp-json\/wp\/v2\/location?post=585"},{"taxonomy":"section","embeddable":true,"href":"https:\/\/www.greenparty.ca\/fr\/wp-json\/wp\/v2\/section?post=585"}],"curies":[{"name":"wp","href":"https:\/\/api.w.org\/{rel}","templated":true}]}}