{"id":567,"date":"2022-02-02T20:37:39","date_gmt":"2022-02-03T01:37:39","guid":{"rendered":"https:\/\/www.greenparty.ca\/article\/le-parti-vert-depose-un-projet-de-loi-pour-lutter-contre-le-racisme-environnemental\/"},"modified":"2025-02-18T01:26:49","modified_gmt":"2025-02-18T06:26:49","slug":"le-parti-vert-depose-un-projet-de-loi-pour-lutter-contre-le-racisme-environnemental","status":"publish","type":"article","link":"https:\/\/www.greenparty.ca\/fr\/nouvelles\/le-parti-vert-depose-un-projet-de-loi-pour-lutter-contre-le-racisme-environnemental","title":{"rendered":"Le Parti vert d\u00e9pose un projet de loi pour lutter contre le racisme environnemental"},"content":{"rendered":"<p>OTTAWA &#8211; Aujourd&#39;hui, \u00e0 la Chambre des communes, la chef parlementaire du Parti vert, Elizabeth May (d\u00e9put\u00e9e de Saanich-Gulf Islands), a d\u00e9pos\u00e9 un nouveau projet de loi demandant une strat\u00e9gie nationale pour s&#39;attaquer aux dommages caus\u00e9s par le racisme environnemental.&nbsp;<\/p><p>Le projet de loi a re\u00e7u un large soutien lorsqu&#39;il a \u00e9t\u00e9 pr\u00e9sent\u00e9 pour la premi\u00e8re fois au cours de la 43e l\u00e9gislature par Lenore Zann, l&#39;ancienne d\u00e9put\u00e9e de Cumberland-Colchester. Il a ensuite \u00e9t\u00e9 laiss\u00e9 de c\u00f4t\u00e9 lors de l&#39;abandon du mandat en ao\u00fbt dernier.<\/p><p>S&#39;il est adopt\u00e9, le projet de loi exigera du ministre de l&#39;Environnement et du Changement climatique, Steven Guilbeault, qu&#39;il travaille avec les groupes et les personnes int\u00e9ress\u00e9s \u00e0 l&#39;\u00e9laboration d&#39;une strat\u00e9gie nationale pour \u00e9valuer, pr\u00e9venir et combattre le racisme environnemental et faire progresser la justice environnementale.<\/p><p>&laquo; Le d\u00e9but du Mois de l&#39;histoire des Noirs est un moment opportun pour confronter la r\u00e9alit\u00e9 honteuse selon laquelle, dans tout le pays, un nombre disproportionn\u00e9 de personnes expos\u00e9es \u00e0 la pollution toxique ou \u00e0 d&#39;autres dangers environnementaux sont membres d&#39;une communaut\u00e9 autochtone, racialis\u00e9e ou autre communaut\u00e9 marginalis\u00e9e &raquo;, a d\u00e9clar\u00e9 Mme May.&nbsp;<\/p><p>Selon elle, le projet de loi d\u00e9pos\u00e9 aujourd&#39;hui &#8211; la Loi sur la strat\u00e9gie nationale concernant le racisme environnemental et la justice environnementale &#8211; exigera du gouvernement qu&#39;il identifie et rectifie les incidents de racisme environnemental dans l&rsquo;ensemble du Canada, ce \u00e0 quoi s&rsquo;emploie d\u00e9j\u00e0 l&#39;Agence am\u00e9ricaine de protection de l&#39;environnement depuis des d\u00e9cennies.<\/p><p>&laquo; Comme aux \u00c9tats-Unis, l&#39;impact de la pollution, de la contamination toxique, de la mauvaise qualit\u00e9 de l&#39;air et de la proximit\u00e9 des d\u00e9chets toxiques au Canada est beaucoup plus dangereux pour les communaut\u00e9s marginalis\u00e9es, racialis\u00e9es et \u00e0 faible revenu que pour la population de culture coloniale &raquo;, a d\u00e9clar\u00e9 Mme May.<\/p><p>&laquo; Nous n&#39;avons pas besoin de chercher bien loin pour trouver des exemples : il suffit de voir la longue et troublante histoire des \u00e9tangs bitumineux de Sydney et de Boat Harbour en Nouvelle-\u00c9cosse ; les scandales en cours dans les Premi\u00e8res Nations de Grassy Narrows et d&#39;Aamjiwnaang en Ontario ; la Premi\u00e8re Nation de Kanesatake au Qu\u00e9bec ; la Premi\u00e8re Nation de Shamattawa au Manitoba ; les sables bitumineux en Alberta et les multiples sites dans les Prairies et en Colombie-Britannique, y compris les violations des territoires autochtones pour des projets de pipelines. &raquo;<\/p><p>&laquo; Nous devons agir maintenant pour faire face au racisme implicite de la pollution et de l&#39;abus de la nature. &raquo;<\/p><p>Le chef int\u00e9rimaire du Parti vert, Amita Kuttner, a d\u00e9clar\u00e9 : &laquo; La crise climatique, la d\u00e9gradation de l&#39;environnement et les probl\u00e8mes de justice sociale ont la m\u00eame cause profonde. Nous devons nous attaquer au colonialisme et \u00e0 la supr\u00e9matie blanche dans le cadre de la transformation syst\u00e9mique n\u00e9cessaire pour pr\u00e9server un monde vivable. &raquo;<\/p><p>####<\/p><p>Pour plus d&#39;informations ou pour organiser une entrevue :<br \/>John Chenery<br \/>media@partivert.ca<br \/>1-613-562-4916 et. 215<\/p>","protected":false},"excerpt":{"rendered":"<p>OTTAWA &#8211; Aujourd&#39;hui, \u00e0 la Chambre des communes, la chef parlementaire du Parti vert, Elizabeth May (d\u00e9put\u00e9e de Saanich-Gulf Islands), a d\u00e9pos\u00e9 un nouveau projet de loi demandant une strat\u00e9gie [&hellip;]<\/p>\n","protected":false},"featured_media":0,"template":"","meta":{"_acf_changed":false,"inline_featured_image":false,"site-sidebar-layout":"default","site-content-layout":"","ast-site-content-layout":"default","site-content-style":"default","site-sidebar-style":"default","ast-global-header-display":"","ast-banner-title-visibility":"","ast-main-header-display":"","ast-hfb-above-header-display":"","ast-hfb-below-header-display":"","ast-hfb-mobile-header-display":"","site-post-title":"","ast-breadcrumbs-content":"","ast-featured-img":"","footer-sml-layout":"","ast-disable-related-posts":"","theme-transparent-header-meta":"","adv-header-id-meta":"","stick-header-meta":"","header-above-stick-meta":"","header-main-stick-meta":"","header-below-stick-meta":"","astra-migrate-meta-layouts":"default","ast-page-background-enabled":"default","ast-page-background-meta":{"desktop":{"background-color":"var(--ast-global-color-5)","background-image":"","background-repeat":"repeat","background-position":"center center","background-size":"auto","background-attachment":"scroll","background-type":"","background-media":"","overlay-type":"","overlay-color":"","overlay-opacity":"","overlay-gradient":""},"tablet":{"background-color":"","background-image":"","background-repeat":"repeat","background-position":"center center","background-size":"auto","background-attachment":"scroll","background-type":"","background-media":"","overlay-type":"","overlay-color":"","overlay-opacity":"","overlay-gradient":""},"mobile":{"background-color":"","background-image":"","background-repeat":"repeat","background-position":"center center","background-size":"auto","background-attachment":"scroll","background-type":"","background-media":"","overlay-type":"","overlay-color":"","overlay-opacity":"","overlay-gradient":""}},"ast-content-background-meta":{"desktop":{"background-color":"var(--ast-global-color-4)","background-image":"","background-repeat":"repeat","background-position":"center center","background-size":"auto","background-attachment":"scroll","background-type":"","background-media":"","overlay-type":"","overlay-color":"","overlay-opacity":"","overlay-gradient":""},"tablet":{"background-color":"var(--ast-global-color-4)","background-image":"","background-repeat":"repeat","background-position":"center center","background-size":"auto","background-attachment":"scroll","background-type":"","background-media":"","overlay-type":"","overlay-color":"","overlay-opacity":"","overlay-gradient":""},"mobile":{"background-color":"var(--ast-global-color-4)","background-image":"","background-repeat":"repeat","background-position":"center center","background-size":"auto","background-attachment":"scroll","background-type":"","background-media":"","overlay-type":"","overlay-color":"","overlay-opacity":"","overlay-gradient":""}},"_price":"","_stock":"","_tribe_ticket_header":"","_tribe_default_ticket_provider":"","_tribe_ticket_capacity":"0","_ticket_start_date":"","_ticket_end_date":"","_tribe_ticket_show_description":"","_tribe_ticket_show_not_going":false,"_tribe_ticket_use_global_stock":"","_tribe_ticket_global_stock_level":"","_global_stock_mode":"","_global_stock_cap":"","_tribe_rsvp_for_event":"","_tribe_ticket_going_count":"","_tribe_ticket_not_going_count":"","_tribe_tickets_list":"[]","_tribe_ticket_has_attendee_info_fields":false},"location":[33],"section":[],"class_list":["post-567","article","type-article","status-publish","hentry","location-ottawa"],"acf":[],"_links":{"self":[{"href":"https:\/\/www.greenparty.ca\/fr\/wp-json\/wp\/v2\/article\/567","targetHints":{"allow":["GET"]}}],"collection":[{"href":"https:\/\/www.greenparty.ca\/fr\/wp-json\/wp\/v2\/article"}],"about":[{"href":"https:\/\/www.greenparty.ca\/fr\/wp-json\/wp\/v2\/types\/article"}],"wp:attachment":[{"href":"https:\/\/www.greenparty.ca\/fr\/wp-json\/wp\/v2\/media?parent=567"}],"wp:term":[{"taxonomy":"location","embeddable":true,"href":"https:\/\/www.greenparty.ca\/fr\/wp-json\/wp\/v2\/location?post=567"},{"taxonomy":"section","embeddable":true,"href":"https:\/\/www.greenparty.ca\/fr\/wp-json\/wp\/v2\/section?post=567"}],"curies":[{"name":"wp","href":"https:\/\/api.w.org\/{rel}","templated":true}]}}