{"id":549,"date":"2022-01-20T15:21:49","date_gmt":"2022-01-20T20:21:49","guid":{"rendered":"https:\/\/www.greenparty.ca\/?post_type=article&#038;p=549"},"modified":"2025-02-18T01:26:48","modified_gmt":"2025-02-18T06:26:48","slug":"le-parti-vert-denonce-les-manigances-du-gouvernement-lorsquil-parle-de-carboneutralite-dici-2050","status":"publish","type":"article","link":"https:\/\/www.greenparty.ca\/fr\/nouvelles\/le-parti-vert-denonce-les-manigances-du-gouvernement-lorsquil-parle-de-carboneutralite-dici-2050","title":{"rendered":"Le Parti vert d\u00e9nonce les manigances du gouvernement lorsqu\u2019il parle de \u00ab carboneutralit\u00e9 d&rsquo;ici 2050 \u00bb"},"content":{"rendered":"<p>OTTAWA &#8211; Le Parti vert du Canada demande au gouvernement f\u00e9d\u00e9ral d&#39;expliquer pourquoi il semble avoir abandonn\u00e9 l&#39;engagement pris dans le cadre de l&#39;Accord de Paris sur le climat de limiter l&#39;augmentation de la temp\u00e9rature moyenne mondiale \u00e0 1,5 degr\u00e9 C au maximum.<\/p><p>&laquo; Nous assistons \u00e0 un tour de magie politique &raquo;, a d\u00e9clar\u00e9 le chef int\u00e9rimaire du Parti vert Amita Kuttner. &laquo; Sous nos yeux, le gouvernement fait dispara\u00eetre sa promesse de Paris et sort du chapeau quelque chose de tr\u00e8s diff\u00e9rent &#8211; l&rsquo;objectif de carboneutralit\u00e9 d&#39;ici 2050. &raquo;<\/p><p>&laquo; Nous ne sommes pas dupes et la population canadienne ne devrait pas l&#39;\u00eatre non plus. Il s&rsquo;agit d&rsquo;une tentative habile de renier notre engagement \u00e0 1,5 degr\u00e9 C et de le remplacer par un objectif plus acceptable pour l&#39;industrie canadienne des combustibles fossiles. &raquo;<\/p><p>Le Dr Kuttner s&#39;exprimait alors que le Parti vert a d\u00e9pos\u00e9 une <a href=\"https:\/\/cdn.greenparty.ca\/sites\/default\/files\/consultation_sur_la_carboneutralite.pdf\">soumission<\/a> \u00e0 la br\u00e8ve consultation publique en ligne du gouvernement sur la Loi canadienne sur la responsabilit\u00e9 concernant la carboneutralit\u00e9. Dans sa soumission, le Dr Kuttner se joint au caucus vert et aux sp\u00e9cialistes en mati\u00e8re de climat du Cabinet fant\u00f4me pour demander au gouvernement de s&#39;engager \u00e0 nouveau dans l&#39;objectif de Paris et d&#39;abandonner l&#39;objectif &laquo; inad\u00e9quat et dangereux &raquo; de carboneutralit\u00e9 d&#39;ici 2050.<\/p><p>Le m\u00e9moire fournit des conseils d\u00e9taill\u00e9s sur les sept sujets \u00e9num\u00e9r\u00e9s dans l&#39;enqu\u00eate, pr\u00e9sentant un large \u00e9ventail de mesures qui permettront au Canada de r\u00e9duire ses \u00e9missions de gaz \u00e0 effet de serre de 60 % par rapport aux niveaux de 2005 d&#39;ici 2030. Il s&rsquo;agit de l&#39;ampleur des r\u00e9ductions n\u00e9cessaires pour respecter les engagements pris \u00e0 Paris.<\/p><p>&laquo; Les d\u00f4mes de chaleur, les inondations, les glissements de terrain, les incendies et les s\u00e9cheresses des 12 derniers mois font passer le message : chaque tonne de gaz \u00e0 effet de serre compte &raquo;, a d\u00e9clar\u00e9 le chef parlementaire du Parti vert, Elizabeth May (d\u00e9put\u00e9e de Saanich-Gulf Islands). &laquo; Chaque augmentation du r\u00e9chauffement climatique repr\u00e9sente une menace accrue pour des millions de personnes et d&#39;esp\u00e8ces. &raquo;<\/p><p>&laquo; Nous croyons qu&#39;en prenant imm\u00e9diatement des mesures significatives pour maintenir l&rsquo;augmentation de la temp\u00e9rature moyenne mondiale \u00e0 1,5 degr\u00e9 C, le Canada pourrait exercer un impact plan\u00e9taire important \u00e0 un moment o\u00f9 le leadership mondial fait cruellement d\u00e9faut. &raquo;<\/p><p>####<\/p><p>Pour plus d&#39;informations ou pour organiser une entrevue :<br \/>John Chenery<br \/><a href=\"mailto:media@partivert.ca\">media@partivert.ca<\/a><br \/>1-613-562-4916 poste 215<\/p>","protected":false},"excerpt":{"rendered":"<p>OTTAWA &#8211; Le Parti vert du Canada demande au gouvernement f\u00e9d\u00e9ral d&#39;expliquer pourquoi il semble avoir abandonn\u00e9 l&#39;engagement pris dans le cadre de l&#39;Accord de Paris sur le climat de [&hellip;]<\/p>\n","protected":false},"featured_media":0,"template":"","meta":{"_acf_changed":false,"inline_featured_image":false,"site-sidebar-layout":"default","site-content-layout":"","ast-site-content-layout":"default","site-content-style":"default","site-sidebar-style":"default","ast-global-header-display":"","ast-banner-title-visibility":"","ast-main-header-display":"","ast-hfb-above-header-display":"","ast-hfb-below-header-display":"","ast-hfb-mobile-header-display":"","site-post-title":"","ast-breadcrumbs-content":"","ast-featured-img":"","footer-sml-layout":"","ast-disable-related-posts":"","theme-transparent-header-meta":"","adv-header-id-meta":"","stick-header-meta":"","header-above-stick-meta":"","header-main-stick-meta":"","header-below-stick-meta":"","astra-migrate-meta-layouts":"default","ast-page-background-enabled":"default","ast-page-background-meta":{"desktop":{"background-color":"var(--ast-global-color-5)","background-image":"","background-repeat":"repeat","background-position":"center center","background-size":"auto","background-attachment":"scroll","background-type":"","background-media":"","overlay-type":"","overlay-color":"","overlay-opacity":"","overlay-gradient":""},"tablet":{"background-color":"","background-image":"","background-repeat":"repeat","background-position":"center center","background-size":"auto","background-attachment":"scroll","background-type":"","background-media":"","overlay-type":"","overlay-color":"","overlay-opacity":"","overlay-gradient":""},"mobile":{"background-color":"","background-image":"","background-repeat":"repeat","background-position":"center center","background-size":"auto","background-attachment":"scroll","background-type":"","background-media":"","overlay-type":"","overlay-color":"","overlay-opacity":"","overlay-gradient":""}},"ast-content-background-meta":{"desktop":{"background-color":"var(--ast-global-color-4)","background-image":"","background-repeat":"repeat","background-position":"center center","background-size":"auto","background-attachment":"scroll","background-type":"","background-media":"","overlay-type":"","overlay-color":"","overlay-opacity":"","overlay-gradient":""},"tablet":{"background-color":"var(--ast-global-color-4)","background-image":"","background-repeat":"repeat","background-position":"center center","background-size":"auto","background-attachment":"scroll","background-type":"","background-media":"","overlay-type":"","overlay-color":"","overlay-opacity":"","overlay-gradient":""},"mobile":{"background-color":"var(--ast-global-color-4)","background-image":"","background-repeat":"repeat","background-position":"center center","background-size":"auto","background-attachment":"scroll","background-type":"","background-media":"","overlay-type":"","overlay-color":"","overlay-opacity":"","overlay-gradient":""}},"_price":"","_stock":"","_tribe_ticket_header":"","_tribe_default_ticket_provider":"","_tribe_ticket_capacity":"0","_ticket_start_date":"","_ticket_end_date":"","_tribe_ticket_show_description":"","_tribe_ticket_show_not_going":false,"_tribe_ticket_use_global_stock":"","_tribe_ticket_global_stock_level":"","_global_stock_mode":"","_global_stock_cap":"","_tribe_rsvp_for_event":"","_tribe_ticket_going_count":"","_tribe_ticket_not_going_count":"","_tribe_tickets_list":"[]","_tribe_ticket_has_attendee_info_fields":false},"location":[33],"section":[],"class_list":["post-549","article","type-article","status-publish","hentry","location-ottawa"],"acf":[],"_links":{"self":[{"href":"https:\/\/www.greenparty.ca\/fr\/wp-json\/wp\/v2\/article\/549","targetHints":{"allow":["GET"]}}],"collection":[{"href":"https:\/\/www.greenparty.ca\/fr\/wp-json\/wp\/v2\/article"}],"about":[{"href":"https:\/\/www.greenparty.ca\/fr\/wp-json\/wp\/v2\/types\/article"}],"wp:attachment":[{"href":"https:\/\/www.greenparty.ca\/fr\/wp-json\/wp\/v2\/media?parent=549"}],"wp:term":[{"taxonomy":"location","embeddable":true,"href":"https:\/\/www.greenparty.ca\/fr\/wp-json\/wp\/v2\/location?post=549"},{"taxonomy":"section","embeddable":true,"href":"https:\/\/www.greenparty.ca\/fr\/wp-json\/wp\/v2\/section?post=549"}],"curies":[{"name":"wp","href":"https:\/\/api.w.org\/{rel}","templated":true}]}}