{"id":547,"date":"2022-01-19T15:37:54","date_gmt":"2022-01-19T20:37:54","guid":{"rendered":"https:\/\/www.greenparty.ca\/?post_type=article&#038;p=547"},"modified":"2025-02-18T01:26:48","modified_gmt":"2025-02-18T06:26:48","slug":"un-rappel-douloureux-du-fait-que-nous-devons-agir-maintenant-message-du-chef-interimaire-a-loccasion-de-lanniversaire-du-deces-de-leur-mere","status":"publish","type":"article","link":"https:\/\/www.greenparty.ca\/fr\/nouvelles\/un-rappel-douloureux-du-fait-que-nous-devons-agir-maintenant-message-du-chef-interimaire-a-loccasion-de-lanniversaire-du-deces-de-leur-mere","title":{"rendered":"Un rappel douloureux du fait que nous devons agir maintenant &#8211; message du chef int\u00e9rimaire \u00e0 l&rsquo;occasion de l&rsquo;anniversaire du d\u00e9c\u00e8s de leur m\u00e8re"},"content":{"rendered":"<p>VANCOUVER &ndash; Cela fait aujourd&#39;hui 17 ans que j&#39;ai perdu ma m\u00e8re et ma maison \u00e0 cause d&#39;une coul\u00e9e de boue. Il est inacceptable que le gouvernement laisse sa population subir ce que ma famille et moi avons d\u00fb endurer. Les pr\u00e9cipitations record qui ont entra\u00een\u00e9 des inondations et des glissements de terrain \u00e0 grande \u00e9chelle en Colombie-Britannique nous ont douloureusement rappel\u00e9 que nous devons agir maintenant.<\/p><p>L&#39;ann\u00e9e 2021 a \u00e9t\u00e9 marqu\u00e9e par des catastrophes climatiques. Les inondations, les vagues de chaleur et les incendies ont d\u00e9vast\u00e9 des communaut\u00e9s en Colombie-Britannique, dans les Territoires et dans les Prairies. Le Canada atlantique a connu un nombre \u00e9lev\u00e9 d&#39;ouragans cette ann\u00e9e et les paysages agricoles ont subi des conditions de s\u00e9cheresse et des ph\u00e9nom\u00e8nes m\u00e9t\u00e9orologiques extr\u00eames qui ont entra\u00een\u00e9 une baisse importante du rendement des cultures.&nbsp;<\/p><p>En raison des changements climatiques, nous continuerons \u00e0 subir de tels \u00e9v\u00e9nements m\u00e9t\u00e9orologiques durant les ann\u00e9es \u00e0 venir. Il est essentiel que le gouvernement du Canada prenne au s\u00e9rieux l&#39;urgence climatique et mette \u00e0 disposition les ressources n\u00e9cessaires pour att\u00e9nuer et g\u00e9rer les impacts climatiques imminents. Sa r\u00e9ponse insuffisante aux \u00e9v\u00e9nements climatiques de cette ann\u00e9e signifie \u00e9galement que le gouvernement n&#39;a pas encore mobilis\u00e9 les ressources et les infrastructures n\u00e9cessaires pour aider les communaut\u00e9s \u00e0 se remettre des catastrophes que trop d&#39;entre elles ont subies.&nbsp;&nbsp;<\/p><p>Nous demandons au gouvernement du Canada de respecter ses engagements en mati\u00e8re de climat, de s\u00e9curit\u00e9 et de pr\u00e9paration aux situations d&#39;urgence tels qu&#39;ils sont d\u00e9crits dans toutes les lettres de mandat minist\u00e9riel, notamment l&#39;\u00e9limination des subventions aux combustibles fossiles, la protection des for\u00eats anciennes et la r\u00e9duction \u00e9nergique des \u00e9missions de gaz \u00e0 effet de serre. Il faut agir d\u00e8s maintenant sur les impacts des changements climatiques et les catastrophes, notamment en menant des recherches sur l&#39;am\u00e9lioration et la mise \u00e0 jour de la cartographie des risques ainsi que sur les mesures et strat\u00e9gies d&#39;adaptation et d&#39;att\u00e9nuation du climat.&nbsp;<\/p><p>Pendant que je me souviens de ma m\u00e8re aujourd&#39;hui, je refuse de rester les bras crois\u00e9s alors que des personnes continuent de subir le m\u00eame sort. Une action insuffisante signifie que l&#39;on risque l&#39;avenir de l&rsquo;ensemble de la population et que l&#39;on rel\u00e8gue les personnes les plus marginalis\u00e9es et les plus vuln\u00e9rables \u00e0 la souffrance et \u00e0 la mort. Je vois la douleur de la perte de ma m\u00e8re et de mon domicile se refl\u00e9ter dans les exp\u00e9riences de ma communaut\u00e9 et j&#39;appelle le gouvernement \u00e0 faire tout son possible pour minimiser la gravit\u00e9 de l&#39;urgence climatique.&nbsp;<\/p><p><strong>Amita Kuttner<\/strong><br \/>Chef par int\u00e9rim<br \/>Parti vert du Canada<\/p><p>&nbsp;<\/p>","protected":false},"excerpt":{"rendered":"<p>VANCOUVER &ndash; Cela fait aujourd&#39;hui 17 ans que j&#39;ai perdu ma m\u00e8re et ma maison \u00e0 cause d&#39;une coul\u00e9e de boue. Il est inacceptable que le gouvernement laisse sa population [&hellip;]<\/p>\n","protected":false},"featured_media":0,"template":"","meta":{"_acf_changed":false,"inline_featured_image":false,"site-sidebar-layout":"default","site-content-layout":"","ast-site-content-layout":"default","site-content-style":"default","site-sidebar-style":"default","ast-global-header-display":"","ast-banner-title-visibility":"","ast-main-header-display":"","ast-hfb-above-header-display":"","ast-hfb-below-header-display":"","ast-hfb-mobile-header-display":"","site-post-title":"","ast-breadcrumbs-content":"","ast-featured-img":"","footer-sml-layout":"","ast-disable-related-posts":"","theme-transparent-header-meta":"","adv-header-id-meta":"","stick-header-meta":"","header-above-stick-meta":"","header-main-stick-meta":"","header-below-stick-meta":"","astra-migrate-meta-layouts":"default","ast-page-background-enabled":"default","ast-page-background-meta":{"desktop":{"background-color":"var(--ast-global-color-5)","background-image":"","background-repeat":"repeat","background-position":"center center","background-size":"auto","background-attachment":"scroll","background-type":"","background-media":"","overlay-type":"","overlay-color":"","overlay-opacity":"","overlay-gradient":""},"tablet":{"background-color":"","background-image":"","background-repeat":"repeat","background-position":"center center","background-size":"auto","background-attachment":"scroll","background-type":"","background-media":"","overlay-type":"","overlay-color":"","overlay-opacity":"","overlay-gradient":""},"mobile":{"background-color":"","background-image":"","background-repeat":"repeat","background-position":"center center","background-size":"auto","background-attachment":"scroll","background-type":"","background-media":"","overlay-type":"","overlay-color":"","overlay-opacity":"","overlay-gradient":""}},"ast-content-background-meta":{"desktop":{"background-color":"var(--ast-global-color-4)","background-image":"","background-repeat":"repeat","background-position":"center center","background-size":"auto","background-attachment":"scroll","background-type":"","background-media":"","overlay-type":"","overlay-color":"","overlay-opacity":"","overlay-gradient":""},"tablet":{"background-color":"var(--ast-global-color-4)","background-image":"","background-repeat":"repeat","background-position":"center center","background-size":"auto","background-attachment":"scroll","background-type":"","background-media":"","overlay-type":"","overlay-color":"","overlay-opacity":"","overlay-gradient":""},"mobile":{"background-color":"var(--ast-global-color-4)","background-image":"","background-repeat":"repeat","background-position":"center center","background-size":"auto","background-attachment":"scroll","background-type":"","background-media":"","overlay-type":"","overlay-color":"","overlay-opacity":"","overlay-gradient":""}},"_price":"","_stock":"","_tribe_ticket_header":"","_tribe_default_ticket_provider":"","_tribe_ticket_capacity":"0","_ticket_start_date":"","_ticket_end_date":"","_tribe_ticket_show_description":"","_tribe_ticket_show_not_going":false,"_tribe_ticket_use_global_stock":"","_tribe_ticket_global_stock_level":"","_global_stock_mode":"","_global_stock_cap":"","_tribe_rsvp_for_event":"","_tribe_ticket_going_count":"","_tribe_ticket_not_going_count":"","_tribe_tickets_list":"[]","_tribe_ticket_has_attendee_info_fields":false},"location":[33],"section":[],"class_list":["post-547","article","type-article","status-publish","hentry","location-ottawa"],"acf":[],"_links":{"self":[{"href":"https:\/\/www.greenparty.ca\/fr\/wp-json\/wp\/v2\/article\/547","targetHints":{"allow":["GET"]}}],"collection":[{"href":"https:\/\/www.greenparty.ca\/fr\/wp-json\/wp\/v2\/article"}],"about":[{"href":"https:\/\/www.greenparty.ca\/fr\/wp-json\/wp\/v2\/types\/article"}],"wp:attachment":[{"href":"https:\/\/www.greenparty.ca\/fr\/wp-json\/wp\/v2\/media?parent=547"}],"wp:term":[{"taxonomy":"location","embeddable":true,"href":"https:\/\/www.greenparty.ca\/fr\/wp-json\/wp\/v2\/location?post=547"},{"taxonomy":"section","embeddable":true,"href":"https:\/\/www.greenparty.ca\/fr\/wp-json\/wp\/v2\/section?post=547"}],"curies":[{"name":"wp","href":"https:\/\/api.w.org\/{rel}","templated":true}]}}