{"id":16371,"date":"2025-04-10T12:28:31","date_gmt":"2025-04-10T16:28:31","guid":{"rendered":"https:\/\/www.greenparty.ca\/news\/greens-stand-by-rainbow-eyes"},"modified":"2025-04-11T11:54:30","modified_gmt":"2025-04-11T15:54:30","slug":"greens-stand-by-rainbow-eyes","status":"publish","type":"article","link":"https:\/\/www.greenparty.ca\/fr\/nouvelles\/greens-stand-by-rainbow-eyes","title":{"rendered":"Les Verts soutiennent Rainbow Eyes"},"content":{"rendered":"\n<p class=\"\">OTTAWA &#8211; Le Parti vert du Canada soutient sa cheffe adjointe, Rainbow Eyes. Cette derni\u00e8re d\u00e9posera une demande d\u2019autorisation d\u2019appel aupr\u00e8s de la Cour supr\u00eame du Canada et esp\u00e8re \u00eatre lib\u00e9r\u00e9e sous caution lors d\u2019une audience tenue ce matin, le 10 avril. <\/p>\n\n<p class=\"\">En tant que candidate investie pour les Territoires du Nord-Ouest, Rainbow Eyes est une fi\u00e8re d\u00e9fenseure des terres autochtones et le Parti vert du Canada est honor\u00e9 de l\u2019avoir comme cheffe adjointe. Le Parti esp\u00e8re que justice sera rendue et qu\u2019elle pourra faire campagne dans les Territoires du Nord-Ouest durant cette campagne \u00e9lectorale. <\/p>\n\n<p class=\"\">On ne peut pas faire campagne depuis une cellule de prison. La d\u00e9mocratie exige que les actes non violents de d\u00e9sob\u00e9issance civile conformes au droit autochtone soient respect\u00e9s. <\/p>\n\n<p class=\"\">\u00ab Il reste beaucoup \u00e0 d\u00e9terminer, et nous esp\u00e9rons de tout c\u0153ur que la Cour supr\u00eame du Canada acceptera d\u2019entendre l\u2019appel \u00bb, a d\u00e9clar\u00e9 Elizabeth May, cocheffe du Parti vert. \u00ab Nous sommes solidaires de Rainbow Eyes dans sa d\u00e9fense de la for\u00eat ancienne de Fairy Creek et des droits autochtones, pour la protection de la Terre-M\u00e8re. \u00bb <\/p>\n\n<p class=\"\">\u00ab Trop souvent, la loi prot\u00e8ge les puissants aux d\u00e9pens des plus vuln\u00e9rables, la nature et les personnes qui se battent pour notre plan\u00e8te \u00bb, a ajout\u00e9 le cochef Jonathan Pedneault. \u00ab Rainbow Eyes se bat pour la nature, pour le peuple, pour la plan\u00e8te. Son seul \u201ccrime\u201d a \u00e9t\u00e9 de d\u00e9sob\u00e9ir \u00e0 une ordonnance judiciaire qui faisait primer l\u2019int\u00e9r\u00eat priv\u00e9 sur le bien commun. Les Verts d\u00e9fendent l\u2019\u00e9tat de droit, mais veulent aussi changer les lois pour qu\u2019elles reconnaissent notre responsabilit\u00e9 collective de prot\u00e9ger notre territoire, la nature et les ressources contre les personnes qui les exploitent sans \u00e9gard aux savoirs autochtones, \u00e0 la durabilit\u00e9 et \u00e0 la biodiversit\u00e9. Nous sommes fiers de soutenir Rainbow Eyes. Tout en respectant les d\u00e9cisions des tribunaux, nous appuyons pleinement le processus d\u2019appel. \u00bb  <\/p>\n\n<p class=\"\">Rainbow Eyes s\u2019inscrit dans la lign\u00e9e de Martin Luther King Jr., de Gandhi et de toutes ces figures de l\u2019histoire humaine qui nous enseignent \u00e0 honorer les lois \u00e9ternelles et \u00e0 faire en sorte que les r\u00e8gles \u00e9tablies quelque chose de plus grand.<\/p>\n\n<p class=\"\"><strong>#####<\/strong><\/p>\n\n<p class=\"\"><strong>Pour plus d&rsquo;informations ou pour organiser une entrevue : <\/strong><\/p>\n\n<p class=\"\"><strong>Fabrice Lachance Nov\u00e9<\/strong><\/p>\n\n<p class=\"\"><strong>Attach\u00e9 de presse<\/strong><\/p>\n\n<p class=\"\"><strong>514-463-0021<\/strong><\/p>\n\n<p class=\"\"><strong><a href=\"mailto:media@greenparty.ca\">media@partivert.ca<\/a><\/strong><\/p>\n\n<p class=\"\"><strong>Rod Legget<\/strong><\/p>\n\n<p class=\"\"><strong>Conseiller principal, Communications strat\u00e9giques<\/strong><\/p>\n\n<p class=\"\"><strong>613-203-1524<\/strong><\/p>\n\n<p class=\"\"><strong><a href=\"mailto:media@greenparty.ca\">media@partivert.ca<\/a><\/strong><\/p>\n","protected":false},"excerpt":{"rendered":"<p>OTTAWA &#8211; Le Parti vert du Canada soutient sa cheffe adjointe, Rainbow Eyes. Cette derni\u00e8re d\u00e9posera une demande d\u2019autorisation d\u2019appel aupr\u00e8s de la Cour supr\u00eame du Canada et esp\u00e8re \u00eatre [&hellip;]<\/p>\n","protected":false},"featured_media":0,"template":"","meta":{"_acf_changed":false,"inline_featured_image":false,"site-sidebar-layout":"default","site-content-layout":"","ast-site-content-layout":"default","site-content-style":"default","site-sidebar-style":"default","ast-global-header-display":"","ast-banner-title-visibility":"","ast-main-header-display":"","ast-hfb-above-header-display":"","ast-hfb-below-header-display":"","ast-hfb-mobile-header-display":"","site-post-title":"","ast-breadcrumbs-content":"","ast-featured-img":"","footer-sml-layout":"","ast-disable-related-posts":"","theme-transparent-header-meta":"","adv-header-id-meta":"","stick-header-meta":"","header-above-stick-meta":"","header-main-stick-meta":"","header-below-stick-meta":"","astra-migrate-meta-layouts":"default","ast-page-background-enabled":"default","ast-page-background-meta":{"desktop":{"background-color":"var(--ast-global-color-5)","background-image":"","background-repeat":"repeat","background-position":"center center","background-size":"auto","background-attachment":"scroll","background-type":"","background-media":"","overlay-type":"","overlay-color":"","overlay-opacity":"","overlay-gradient":""},"tablet":{"background-color":"","background-image":"","background-repeat":"repeat","background-position":"center center","background-size":"auto","background-attachment":"scroll","background-type":"","background-media":"","overlay-type":"","overlay-color":"","overlay-opacity":"","overlay-gradient":""},"mobile":{"background-color":"","background-image":"","background-repeat":"repeat","background-position":"center center","background-size":"auto","background-attachment":"scroll","background-type":"","background-media":"","overlay-type":"","overlay-color":"","overlay-opacity":"","overlay-gradient":""}},"ast-content-background-meta":{"desktop":{"background-color":"var(--ast-global-color-4)","background-image":"","background-repeat":"repeat","background-position":"center center","background-size":"auto","background-attachment":"scroll","background-type":"","background-media":"","overlay-type":"","overlay-color":"","overlay-opacity":"","overlay-gradient":""},"tablet":{"background-color":"var(--ast-global-color-4)","background-image":"","background-repeat":"repeat","background-position":"center center","background-size":"auto","background-attachment":"scroll","background-type":"","background-media":"","overlay-type":"","overlay-color":"","overlay-opacity":"","overlay-gradient":""},"mobile":{"background-color":"var(--ast-global-color-4)","background-image":"","background-repeat":"repeat","background-position":"center center","background-size":"auto","background-attachment":"scroll","background-type":"","background-media":"","overlay-type":"","overlay-color":"","overlay-opacity":"","overlay-gradient":""}},"_price":"","_stock":"","_tribe_ticket_header":"","_tribe_default_ticket_provider":"","_tribe_ticket_capacity":"0","_ticket_start_date":"","_ticket_end_date":"","_tribe_ticket_show_description":"","_tribe_ticket_show_not_going":false,"_tribe_ticket_use_global_stock":"","_tribe_ticket_global_stock_level":"","_global_stock_mode":"","_global_stock_cap":"","_tribe_rsvp_for_event":"","_tribe_ticket_going_count":"","_tribe_ticket_not_going_count":"","_tribe_tickets_list":"[]","_tribe_ticket_has_attendee_info_fields":false},"location":[35],"section":[],"class_list":["post-16371","article","type-article","status-publish","hentry","location-ottawa-fr"],"acf":[],"_links":{"self":[{"href":"https:\/\/www.greenparty.ca\/fr\/wp-json\/wp\/v2\/article\/16371","targetHints":{"allow":["GET"]}}],"collection":[{"href":"https:\/\/www.greenparty.ca\/fr\/wp-json\/wp\/v2\/article"}],"about":[{"href":"https:\/\/www.greenparty.ca\/fr\/wp-json\/wp\/v2\/types\/article"}],"wp:attachment":[{"href":"https:\/\/www.greenparty.ca\/fr\/wp-json\/wp\/v2\/media?parent=16371"}],"wp:term":[{"taxonomy":"location","embeddable":true,"href":"https:\/\/www.greenparty.ca\/fr\/wp-json\/wp\/v2\/location?post=16371"},{"taxonomy":"section","embeddable":true,"href":"https:\/\/www.greenparty.ca\/fr\/wp-json\/wp\/v2\/section?post=16371"}],"curies":[{"name":"wp","href":"https:\/\/api.w.org\/{rel}","templated":true}]}}