{"id":11612,"date":"2025-03-17T13:21:11","date_gmt":"2025-03-17T17:21:11","guid":{"rendered":"https:\/\/www.greenparty.ca\/news\/green-party-of-canada-announces-olivier-huard-as-candidate-for-la-pointe-de-lile"},"modified":"2025-03-17T14:29:46","modified_gmt":"2025-03-17T18:29:46","slug":"green-party-of-canada-announces-olivier-huard-as-candidate-for-la-pointe-de-lile","status":"publish","type":"article","link":"https:\/\/www.greenparty.ca\/fr\/nouvelles\/green-party-of-canada-announces-olivier-huard-as-candidate-for-la-pointe-de-lile","title":{"rendered":"Le Parti vert du Canada annonce Olivier Huard comme candidat dans La Pointe-de-l&rsquo;\u00cele"},"content":{"rendered":"\n<p class=\"\">MONTR\u00c9AL &#8211; Le Parti vert du Canada est fier d&rsquo;annoncer qu&rsquo;Olivier Huard sera le candidat du parti dans la circonscription de La Pointe-de-l&rsquo;\u00cele lors des prochaines \u00e9lections f\u00e9d\u00e9rales. Comme le nouveau lieutenant du Qu\u00e9bec et ancien ministre de l&rsquo;environnement, Steven Guilbeault, dans son activisme climatique, Olivier partage une histoire de mise \u00e0 l&rsquo;\u00e9chelle des infrastructures. In\u00e9branlable dans la lutte contre la crise climatique, il a fait preuve de courage en prenant des mesures concr\u00e8tes pour d\u00e9fendre l&rsquo;environnement et ses communaut\u00e9s.<\/p>\n\n<p class=\"\">\u00ab L\u00e0 o\u00f9 d&rsquo;autres c\u00e8dent sous la pression, les Verts tiennent bon. Notre mani\u00e8re de faire de la politique, c&rsquo;est de mettre nos corps en jeu pour du changement et de joindre le geste \u00e0 la parole, \u00bb a d\u00e9clar\u00e9 Jonathan Pedneault, cochef du Parti vert du Canada. \u00ab Olivier incarne parfaitement ce principe. Il a pris des risques personnels pour tirer la sonnette d\u2019alarme face \u00e0 l\u2019urgence climatique. Nous sommes fiers de le voir maintenant porter cette m\u00eame d\u00e9termination sur la sc\u00e8ne politique f\u00e9d\u00e9rale. \u00bb <\/p>\n\n<p class=\"\">Olivier Huard, qui s\u2019est pr\u00e9sent\u00e9 \u00e0 cinq reprises pour Qu\u00e9bec Solidaire dans Repentigny, a fait preuve d\u2019une r\u00e9silience et d\u2019un engagement remarquables en faveur de la justice climatique. Son d\u00e9vouement aux causes environnementales et sa volont\u00e9 de prendre des risques personnels pour le bien commun illustrent le courage et la conviction qui manquent cruellement \u00e0 la politique canadienne aujourd\u2019hui. <\/p>\n\n<p class=\"\">\u00ab Je me pr\u00e9sente pour le Parti vert, car je pense que la priorit\u00e9 des Canadiens en ce moment est de mettre fin aux \u00e9nergies fossiles et de transformer notre \u00e9tat prisonnier du joug des p\u00e9troli\u00e8res en un pays r\u00e9silient avec une \u00e9conomie propre et durable, \u00bb a d\u00e9clar\u00e9 Olivier Huard. \u00ab Les entreprises polluantes doivent prendre leurs responsabilit\u00e9s face aux cons\u00e9quences que leurs activit\u00e9s engendrent sur notre sant\u00e9 et notre environnement. Seul le Parti vert a le courage d\u2019affirmer ses id\u00e9es avec conviction et de proposer ce qui doit \u00eatre fait, sans compromettre notre avenir collectif. \u00bb <\/p>\n\n<p class=\"\">Alors que le Canada fait face \u00e0 des crise croissantes sur les plans climatique, environnemental, \u00e9conomique et s\u00e9curitaire, le Parti vert demeure fid\u00e8le \u00e0 son engagement envers des actions v\u00e9ritables, un leadership climatique courageux, la protection de l\u2019environnement et des solutions ax\u00e9es sur la communaut\u00e9. Avec des candidats comme Olivier Huard, le parti continue de prouver que l\u2019int\u00e9grit\u00e9, l\u2019action et le courage sont au c\u0153ur de sa vision pour un Canada meilleur. <\/p>\n\n<p class=\"\">\u00ab Je sais par exp\u00e9rience ce que signifie tout risquer pour d\u00e9fendre ses convictions \u00bb, a d\u00e9clar\u00e9 Elizabeth May, cocheffe du Parti vert du Canada. \u00ab J\u2019ai \u00e9t\u00e9 arr\u00eat\u00e9e alors que je d\u00e9fendais l\u2019environnement. J\u2019ai men\u00e9 une gr\u00e8ve de la faim pour la justice. J\u2019ai toujours cru que l\u2019action concr\u00e8te devait \u00eatre int\u00e9gr\u00e9e \u00e0 la politique. C\u2019est exactement ce que pense Olivier, et c\u2019est exactement pourquoi il fera un excellent d\u00e9put\u00e9. \u00bb <\/p>\n\n<p class=\"\"><strong>#####<\/strong><\/p>\n\n<p class=\"\"><strong>Pour plus d&rsquo;informations ou pour organiser une entrevue : <\/strong><\/p>\n\n<p class=\"\"><strong>Fabrice Lachance Nov\u00e9<\/strong><\/p>\n\n<p class=\"\"><strong>Attach\u00e9 de presse<\/strong><\/p>\n\n<p class=\"\"><strong>514-463-0021<\/strong><\/p>\n\n<p class=\"\"><strong>media@partivert.ca<\/strong><\/p>\n","protected":false},"excerpt":{"rendered":"<p>MONTR\u00c9AL &#8211; Le Parti vert du Canada est fier d&rsquo;annoncer qu&rsquo;Olivier Huard sera le candidat du parti dans la circonscription de La Pointe-de-l&rsquo;\u00cele lors des prochaines \u00e9lections f\u00e9d\u00e9rales. Comme le [&hellip;]<\/p>\n","protected":false},"featured_media":0,"template":"","meta":{"_acf_changed":false,"inline_featured_image":false,"site-sidebar-layout":"default","site-content-layout":"","ast-site-content-layout":"default","site-content-style":"default","site-sidebar-style":"default","ast-global-header-display":"","ast-banner-title-visibility":"","ast-main-header-display":"","ast-hfb-above-header-display":"","ast-hfb-below-header-display":"","ast-hfb-mobile-header-display":"","site-post-title":"","ast-breadcrumbs-content":"","ast-featured-img":"","footer-sml-layout":"","ast-disable-related-posts":"","theme-transparent-header-meta":"","adv-header-id-meta":"","stick-header-meta":"","header-above-stick-meta":"","header-main-stick-meta":"","header-below-stick-meta":"","astra-migrate-meta-layouts":"default","ast-page-background-enabled":"default","ast-page-background-meta":{"desktop":{"background-color":"var(--ast-global-color-5)","background-image":"","background-repeat":"repeat","background-position":"center center","background-size":"auto","background-attachment":"scroll","background-type":"","background-media":"","overlay-type":"","overlay-color":"","overlay-opacity":"","overlay-gradient":""},"tablet":{"background-color":"","background-image":"","background-repeat":"repeat","background-position":"center center","background-size":"auto","background-attachment":"scroll","background-type":"","background-media":"","overlay-type":"","overlay-color":"","overlay-opacity":"","overlay-gradient":""},"mobile":{"background-color":"","background-image":"","background-repeat":"repeat","background-position":"center center","background-size":"auto","background-attachment":"scroll","background-type":"","background-media":"","overlay-type":"","overlay-color":"","overlay-opacity":"","overlay-gradient":""}},"ast-content-background-meta":{"desktop":{"background-color":"var(--ast-global-color-4)","background-image":"","background-repeat":"repeat","background-position":"center center","background-size":"auto","background-attachment":"scroll","background-type":"","background-media":"","overlay-type":"","overlay-color":"","overlay-opacity":"","overlay-gradient":""},"tablet":{"background-color":"var(--ast-global-color-4)","background-image":"","background-repeat":"repeat","background-position":"center center","background-size":"auto","background-attachment":"scroll","background-type":"","background-media":"","overlay-type":"","overlay-color":"","overlay-opacity":"","overlay-gradient":""},"mobile":{"background-color":"var(--ast-global-color-4)","background-image":"","background-repeat":"repeat","background-position":"center center","background-size":"auto","background-attachment":"scroll","background-type":"","background-media":"","overlay-type":"","overlay-color":"","overlay-opacity":"","overlay-gradient":""}},"_price":"","_stock":"","_tribe_ticket_header":"","_tribe_default_ticket_provider":"","_tribe_ticket_capacity":"0","_ticket_start_date":"","_ticket_end_date":"","_tribe_ticket_show_description":"","_tribe_ticket_show_not_going":false,"_tribe_ticket_use_global_stock":"","_tribe_ticket_global_stock_level":"","_global_stock_mode":"","_global_stock_cap":"","_tribe_rsvp_for_event":"","_tribe_ticket_going_count":"","_tribe_ticket_not_going_count":"","_tribe_tickets_list":"[]","_tribe_ticket_has_attendee_info_fields":false},"location":[],"section":[],"class_list":["post-11612","article","type-article","status-publish","hentry"],"acf":[],"_links":{"self":[{"href":"https:\/\/www.greenparty.ca\/fr\/wp-json\/wp\/v2\/article\/11612","targetHints":{"allow":["GET"]}}],"collection":[{"href":"https:\/\/www.greenparty.ca\/fr\/wp-json\/wp\/v2\/article"}],"about":[{"href":"https:\/\/www.greenparty.ca\/fr\/wp-json\/wp\/v2\/types\/article"}],"wp:attachment":[{"href":"https:\/\/www.greenparty.ca\/fr\/wp-json\/wp\/v2\/media?parent=11612"}],"wp:term":[{"taxonomy":"location","embeddable":true,"href":"https:\/\/www.greenparty.ca\/fr\/wp-json\/wp\/v2\/location?post=11612"},{"taxonomy":"section","embeddable":true,"href":"https:\/\/www.greenparty.ca\/fr\/wp-json\/wp\/v2\/section?post=11612"}],"curies":[{"name":"wp","href":"https:\/\/api.w.org\/{rel}","templated":true}]}}