{"id":10651,"date":"2025-03-03T12:16:43","date_gmt":"2025-03-03T17:16:43","guid":{"rendered":"https:\/\/www.greenparty.ca\/news\/green-party-of-canada-announces-that-co-leader-jonathan-pedneault-will-be-the-green-spokesperson-in-leaders-debates-and-run-in-outremont"},"modified":"2025-03-04T11:13:16","modified_gmt":"2025-03-04T16:13:16","slug":"green-party-of-canada-announces-that-co-leader-jonathan-pedneault-will-be-the-green-spokesperson-in-leaders-debates-and-run-in-outremont","status":"publish","type":"article","link":"https:\/\/www.greenparty.ca\/fr\/nouvelles\/green-party-of-canada-announces-that-co-leader-jonathan-pedneault-will-be-the-green-spokesperson-in-leaders-debates-and-run-in-outremont","title":{"rendered":"Le Parti vert du Canada annonce que son cochef Jonathan Pedneault sera le porte-parole du Parti lors des d\u00e9bats des chefs et candidat dans Outremont"},"content":{"rendered":"\n<p class=\"\">OTTAWA \u2013 Le Parti vert du Canada est fier d&rsquo;annoncer que son cochef Jonathan Pedneault repr\u00e9sentera le Parti lors des d\u00e9bats des chefs f\u00e9d\u00e9raux en anglais et en fran\u00e7ais durant la prochaine campagne \u00e9lectorale. Pedneault sera \u00e9galement candidat du Parti vert dans la circonscription d&rsquo;Outremont, portant ainsi une voix forte pour l&rsquo;action climatique, la justice sociale et la paix mondiale au c\u0153ur de la campagne. <br\/><\/p>\n\n<p class=\"\">Lors de la course \u00e0 la chefferie du Parti vert de 2023, May et Pedneault se sont engag\u00e9s \u00e0 suivre l\u2019exemple des cochefs du Parti vert allemand Annalena Baerbock et Robert Habeck, qui ont d\u00e9cid\u00e9 par consensus que, si n\u00e9cessaire, un cochef assumerait seul le r\u00f4le de chef. En Allemagne, cela signifie que Baerbock s\u2019est pr\u00e9sent\u00e9e au poste de chanceli\u00e8re en 2021, tandis que les deux cochefs sont rest\u00e9s pleinement engag\u00e9s dans leurs responsabilit\u00e9s partag\u00e9es. Bien que le Canada n\u2019ait pas de scrutin direct pour l\u2019\u00e9lection du premier ministre, la Loi \u00e9lectorale exige la signature d\u2019un seul chef sur les documents officiels, et un seul chef de parti est autoris\u00e9 \u00e0 participer aux d\u00e9bats t\u00e9l\u00e9vis\u00e9s. \u00c0 la suite du r\u00e9f\u00e9rendum des membres du Parti vert et du vote confirmant May et Pedneault comme premiers cochefs officiels du Parti, un processus d\u00e9cisionnel interne a \u00e9t\u00e9 entrepris pour d\u00e9terminer lequel des deux assumerait ces r\u00f4les de chef unique pendant la p\u00e9riode \u00e9lectorale tout en continuant \u00e0 codiriger le Parti. Cette d\u00e9cision consensuelle a \u00e9t\u00e9 officiellement approuv\u00e9e par le Conseil f\u00e9d\u00e9ral du Parti vert le 23 f\u00e9vrier 2025.    <br\/><\/p>\n\n<p class=\"\">\u00ab Je suis honor\u00e9 de repr\u00e9senter le Parti vert lors des d\u00e9bats des chefs et de proposer aux Canadiens des solutions audacieuses et honn\u00eates, \u00bb a d\u00e9clar\u00e9 Jonathan Pedneault. \u00ab Nous avons besoin d\u2019un leadership qui donne la priorit\u00e9 \u00e0 l\u2019action climatique, \u00e0 l\u2019abordabilit\u00e9 financi\u00e8re et \u00e0 l\u2019int\u00e9grit\u00e9 en mati\u00e8re de gouvernance. J\u2019ai h\u00e2te de d\u00e9fendre une vision d\u2019un Canada qui fonctionne pour tout le monde, pas seulement pour les \u00e9lites et les privil\u00e9gi\u00e9s. \u00bb <\/p>\n\n<p class=\"\">Elizabeth May, cocheffe du Parti vert et d\u00e9put\u00e9e de Saanich\u2014Gulf Islands, soutiendra activement les candidats verts \u00e0 travers le Canada tout en travaillant \u00e0 \u00eatre r\u00e9\u00e9lue dans sa circonscription. \u00ab En tant que cocheffe, je suis ravie de travailler en partenariat avec Jonathan dans cette campagne, \u00bb a d\u00e9clar\u00e9 Elizabeth May. \u00ab Son leadership, sa passion et son engagement profond pour la justice et la durabilit\u00e9 font de lui la bonne personne pour porter notre message sur la sc\u00e8ne nationale. Je soutiendrai pleinement Jonathan et nos candidats verts \u00e0 travers le pays en tant que cocheffe. \u00bb  <\/p>\n\n<p class=\"\">Parmi tous les partis verts \u00e0 travers le monde, nombreux sont ceux qui ont adopt\u00e9 le mod\u00e8le de cochefferie, favorisant ainsi la collaboration et une prise de d\u00e9cision inclusive. Plusieurs partis verts ont r\u00e9ussi \u00e0 former des gouvernements de coalition avec des cochefs. \u00c0 titre d\u2019exemples, on peut citer les partis verts d\u2019Allemagne, de Su\u00e8de, de Nouvelle-Z\u00e9lande, d\u2019\u00c9cosse, les Verts flamands, les Verts belges et plusieurs autres. Le fait que l\u2019un des cochefs prenne un r\u00f4le plus visible pendant une campagne \u00e9lectorale est une pratique courante chez les Verts \u00e0 l\u2019\u00e9chelle mondiale, y compris lors des r\u00e9centes \u00e9lections au Royaume-Uni.   <br\/><\/p>\n\n<p class=\"\">\u00c0 l\u2019approche des \u00e9lections f\u00e9d\u00e9rales, le Parti vert du Canada est pr\u00eat \u00e0 proposer une vision audacieuse et ax\u00e9e sur des solutions pour l\u2019avenir. Les Canadiens peuvent s\u2019attendre \u00e0 une campagne ax\u00e9e sur l\u2019abordabilit\u00e9 financi\u00e8re, le leadership climatique, la d\u00e9fense des d\u00e9mocraties \u00e0 l\u2019\u00e9chelle mondiale, la justice, la r\u00e9conciliation avec les peuples autochtones et une transition juste vers une \u00e9conomie plus verte. <\/p>\n\n<p class=\"\"><strong>#####<\/strong><\/p>\n\n<p class=\"\"><strong>Pour plus d&rsquo;informations ou pour organiser une entrevue : <\/strong><\/p>\n\n<p class=\"\"><strong>Fabrice Lachance Nov\u00e9<\/strong><\/p>\n\n<p class=\"\"><strong>Attach\u00e9 de presse<\/strong><\/p>\n\n<p class=\"\"><strong>514-463-0021<\/strong><\/p>\n\n<p class=\"\"><strong><a href=\"mailto:media@greenparty.ca\">media@partivert.ca<\/a><\/strong><\/p>\n","protected":false},"excerpt":{"rendered":"<p>OTTAWA \u2013 Le Parti vert du Canada est fier d&rsquo;annoncer que son cochef Jonathan Pedneault repr\u00e9sentera le Parti lors des d\u00e9bats des chefs f\u00e9d\u00e9raux en anglais et en fran\u00e7ais durant [&hellip;]<\/p>\n","protected":false},"featured_media":0,"template":"","meta":{"_acf_changed":false,"inline_featured_image":false,"site-sidebar-layout":"default","site-content-layout":"","ast-site-content-layout":"default","site-content-style":"default","site-sidebar-style":"default","ast-global-header-display":"","ast-banner-title-visibility":"","ast-main-header-display":"","ast-hfb-above-header-display":"","ast-hfb-below-header-display":"","ast-hfb-mobile-header-display":"","site-post-title":"","ast-breadcrumbs-content":"","ast-featured-img":"","footer-sml-layout":"","ast-disable-related-posts":"","theme-transparent-header-meta":"","adv-header-id-meta":"","stick-header-meta":"","header-above-stick-meta":"","header-main-stick-meta":"","header-below-stick-meta":"","astra-migrate-meta-layouts":"default","ast-page-background-enabled":"default","ast-page-background-meta":{"desktop":{"background-color":"var(--ast-global-color-5)","background-image":"","background-repeat":"repeat","background-position":"center center","background-size":"auto","background-attachment":"scroll","background-type":"","background-media":"","overlay-type":"","overlay-color":"","overlay-opacity":"","overlay-gradient":""},"tablet":{"background-color":"","background-image":"","background-repeat":"repeat","background-position":"center center","background-size":"auto","background-attachment":"scroll","background-type":"","background-media":"","overlay-type":"","overlay-color":"","overlay-opacity":"","overlay-gradient":""},"mobile":{"background-color":"","background-image":"","background-repeat":"repeat","background-position":"center center","background-size":"auto","background-attachment":"scroll","background-type":"","background-media":"","overlay-type":"","overlay-color":"","overlay-opacity":"","overlay-gradient":""}},"ast-content-background-meta":{"desktop":{"background-color":"var(--ast-global-color-4)","background-image":"","background-repeat":"repeat","background-position":"center center","background-size":"auto","background-attachment":"scroll","background-type":"","background-media":"","overlay-type":"","overlay-color":"","overlay-opacity":"","overlay-gradient":""},"tablet":{"background-color":"var(--ast-global-color-4)","background-image":"","background-repeat":"repeat","background-position":"center center","background-size":"auto","background-attachment":"scroll","background-type":"","background-media":"","overlay-type":"","overlay-color":"","overlay-opacity":"","overlay-gradient":""},"mobile":{"background-color":"var(--ast-global-color-4)","background-image":"","background-repeat":"repeat","background-position":"center center","background-size":"auto","background-attachment":"scroll","background-type":"","background-media":"","overlay-type":"","overlay-color":"","overlay-opacity":"","overlay-gradient":""}},"_price":"","_stock":"","_tribe_ticket_header":"","_tribe_default_ticket_provider":"","_tribe_ticket_capacity":"0","_ticket_start_date":"","_ticket_end_date":"","_tribe_ticket_show_description":"","_tribe_ticket_show_not_going":false,"_tribe_ticket_use_global_stock":"","_tribe_ticket_global_stock_level":"","_global_stock_mode":"","_global_stock_cap":"","_tribe_rsvp_for_event":"","_tribe_ticket_going_count":"","_tribe_ticket_not_going_count":"","_tribe_tickets_list":"[]","_tribe_ticket_has_attendee_info_fields":false},"location":[33],"section":[],"class_list":["post-10651","article","type-article","status-publish","hentry","location-ottawa"],"acf":[],"_links":{"self":[{"href":"https:\/\/www.greenparty.ca\/fr\/wp-json\/wp\/v2\/article\/10651","targetHints":{"allow":["GET"]}}],"collection":[{"href":"https:\/\/www.greenparty.ca\/fr\/wp-json\/wp\/v2\/article"}],"about":[{"href":"https:\/\/www.greenparty.ca\/fr\/wp-json\/wp\/v2\/types\/article"}],"wp:attachment":[{"href":"https:\/\/www.greenparty.ca\/fr\/wp-json\/wp\/v2\/media?parent=10651"}],"wp:term":[{"taxonomy":"location","embeddable":true,"href":"https:\/\/www.greenparty.ca\/fr\/wp-json\/wp\/v2\/location?post=10651"},{"taxonomy":"section","embeddable":true,"href":"https:\/\/www.greenparty.ca\/fr\/wp-json\/wp\/v2\/section?post=10651"}],"curies":[{"name":"wp","href":"https:\/\/api.w.org\/{rel}","templated":true}]}}